{"id":10786,"date":"2021-02-02T14:07:27","date_gmt":"2021-02-02T19:07:27","guid":{"rendered":"https:\/\/crir.ca\/a-propos\/nos-nouvelles\/appel-de-candidatures-siege-administratif-du-crir-assistant-e-de-recherche\/"},"modified":"2021-02-02T14:11:14","modified_gmt":"2021-02-02T19:11:14","slug":"appel-de-candidatures-siege-administratif-du-crir-assistant-e-de-recherche","status":"publish","type":"post","link":"https:\/\/crir.ca\/en\/appel-de-candidatures-siege-administratif-du-crir-assistant-e-de-recherche\/","title":{"rendered":"CALL FOR APPLICATIONS \u2013 CRIR Administrative Office | Research Assistant"},"content":{"rendered":"<h4>SOMMAIRE DE L\u2019EMPLOI<\/h4>\n<p>Sous la supervision de la coordonnatrice des axes et sous l\u2019autorit\u00e9 administrative de l\u2019adjointe \u00e0 la direction scientifique, l\u2019assistant.e de recherche a pour responsabilit\u00e9 de soutenir le coordonnateur des axes dans la mise en \u0153uvre de la politique de libre acc\u00e8s des Fonds de recherche du Qu\u00e9bec (FRQ) aupr\u00e8s des membres du CRIR.<\/p>\n<h4>RESPONSABILIT\u00c9S<\/h4>\n<ul>\n<li>Effectuer des liens avec les biblioth\u00e9caires les universit\u00e9s suivantes : Universit\u00e9 de Montr\u00e9al, Universit\u00e9 McGill, UQAM, Universit\u00e9 Concordia et comprendre le processus de soumission de publications dans les d\u00e9p\u00f4ts institutionnels de ces universit\u00e9s;<\/li>\n<li>Assister les chercheurs \u00e0 soumettre des publications \u00e0 divers d\u00e9p\u00f4ts institutionnel (Papyrus, eScholarship, Spectrum, Archipel et autres);<\/li>\n<li>Contacter les chercheurs du CRIR pour collecter des donn\u00e9es. Effectuer des entrevues, par t\u00e9l\u00e9phone ou par Zoom, avec les chercheurs au besoin;<\/li>\n<li>Maintenir une liste des publications des chercheurs du CRIR dans le logiciel de gestion bibliographique ENDNote;<\/li>\n<li>Produire des rapports provenant de ENDNote;<\/li>\n<li>Soutenir la r\u00e9daction des bilans synth\u00e8ses et cr\u00e9er des tableaux et\/ou graphiques.<\/li>\n<\/ul>\n<h4>EXIGENCES PARTICULI\u00c8RES<\/h4>\n<ul>\n<li>Niveau acad\u00e9mique : DEC dans un domaine pertinent (p.ex. technique de recherche et de gestion de donn\u00e9es) ou baccalaur\u00e9at dans un domaine pertinent (p.ex. r\u00e9adaptation, sant\u00e9 publique, sciences sociales);<\/li>\n<li>D\u00e9montrer un int\u00e9r\u00eat pour la recherche en r\u00e9adaptation;<\/li>\n<li>Ma\u00eetriser le fran\u00e7ais et l\u2019anglais (parl\u00e9 et \u00e9crit);<\/li>\n<li>Maitriser les applications de la suite MS Office et le logiciel de gestion bibliographique ENDNote;<\/li>\n<li>Poss\u00e9der d\u2019excellentes capacit\u00e9s d\u2019organisation;<\/li>\n<li>D\u00e9montrer de l\u2019autonomie, un sens de l\u2019initiative et de la flexibilit\u00e9.<\/li>\n<\/ul>\n<h4>CONDITIONS DE TRAVAIL<\/h4>\n<ul>\n<li><strong>Statut :<\/strong> contrat temps partiel temporaire \u2013 jusqu\u2019en d\u00e9cembre 2021 ;<\/li>\n<li><strong>Salaire :<\/strong> \u00e9tabli en fonction de l\u2019exp\u00e9rience et des qualit\u00e9s ;<\/li>\n<li><strong>Horaire de travail :<\/strong> 7 \u2013 14 heures semaines ;<\/li>\n<li><strong>Lieu de travail :<\/strong> Si\u00e8ge administratif du CRIR avec possibilit\u00e9 de travail \u00e0 distance.<\/li>\n<\/ul>\n<hr \/>\n<p><strong>P\u00c9RIODE D\u2019AFFICHAGE :<\/strong> du 1<sup>er<\/sup> au 15 f\u00e9vrier 2021<\/p>\n<p><strong>ENTR\u00c9E EN FONCTION :<\/strong> 1<sup>er<\/sup> mars 2021<\/p>\n<p><strong>POUR POSTULER :<br \/>\n<\/strong>Veuillez faire parvenir votre CV et une lettre de motivation par courriel \u00e0 :\u00a0<a href=\"mailto:administration.crir@ssss.gouv.qc.ca\">administration.crir@ssss.gouv.qc.ca<\/a><\/p>\n<p><strong>REMARQUE :<br \/>\n<\/strong>Le CRIR valorise l\u2019\u00e9quit\u00e9, la diversit\u00e9 et l\u2019inclusion et invite les Autochtones, les membres de minorit\u00e9s visibles et ethniques, les femmes et les handicap\u00e9es \u00e0 pr\u00e9senter leur candidature. Les personnes handicap\u00e9es peuvent \u00e9galement nous faire part de leurs besoins particuliers relativement au processus de s\u00e9lection pour l\u2019emploi sollicit\u00e9 afin de faciliter l\u2019\u00e9tude de leur candidature.<\/p>\n<p>Nous remercions toutes les personnes de leur int\u00e9r\u00eat pour cette fonction. Toutefois, nous ne communiquerons qu\u2019avec celles dont la candidature sera retenue.<\/p>\n<p><a href=\"https:\/\/crir.ca\/wp-content\/uploads\/2021\/02\/Appel-a\u0300-la-candidature_assistant-de-recherche_janvier2021FINAL.pdf\">Download poster<\/a>\u00a0(in French)<\/p>\n","protected":false},"excerpt":{"rendered":"<p>SOMMAIRE DE L\u2019EMPLOI Sous la supervision de la coordonnatrice des axes et sous l\u2019autorit\u00e9 administrative de l\u2019adjointe \u00e0 la direction scientifique, l\u2019assistant.e de recherche a pour responsabilit\u00e9 de soutenir le coordonnateur des axes dans la mise en \u0153uvre de la&#8230;<br \/><a href=\"https:\/\/crir.ca\/en\/appel-de-candidatures-siege-administratif-du-crir-assistant-e-de-recherche\/\" class=\"read-more btn\">Read more <span class=\"sr-only\">about CALL FOR APPLICATIONS \u2013 CRIR Administrative Office | Research Assistant<\/span><\/a><\/p>\n","protected":false},"author":1,"featured_media":2391,"comment_status":"closed","ping_status":"open","sticky":false,"template":"","format":"standard","meta":{"_acf_changed":false,"footnotes":""},"categories":[184,4],"tags":[],"class_list":["post-10786","post","type-post","status-publish","format-standard","has-post-thumbnail","hentry","category-jobs-and-internships","category-uncategorized"],"acf":[],"_links":{"self":[{"href":"https:\/\/crir.ca\/en\/wp-json\/wp\/v2\/posts\/10786","targetHints":{"allow":["GET"]}}],"collection":[{"href":"https:\/\/crir.ca\/en\/wp-json\/wp\/v2\/posts"}],"about":[{"href":"https:\/\/crir.ca\/en\/wp-json\/wp\/v2\/types\/post"}],"author":[{"embeddable":true,"href":"https:\/\/crir.ca\/en\/wp-json\/wp\/v2\/users\/1"}],"replies":[{"embeddable":true,"href":"https:\/\/crir.ca\/en\/wp-json\/wp\/v2\/comments?post=10786"}],"version-history":[{"count":4,"href":"https:\/\/crir.ca\/en\/wp-json\/wp\/v2\/posts\/10786\/revisions"}],"predecessor-version":[{"id":10790,"href":"https:\/\/crir.ca\/en\/wp-json\/wp\/v2\/posts\/10786\/revisions\/10790"}],"wp:featuredmedia":[{"embeddable":true,"href":"https:\/\/crir.ca\/en\/wp-json\/wp\/v2\/media\/2391"}],"wp:attachment":[{"href":"https:\/\/crir.ca\/en\/wp-json\/wp\/v2\/media?parent=10786"}],"wp:term":[{"taxonomy":"category","embeddable":true,"href":"https:\/\/crir.ca\/en\/wp-json\/wp\/v2\/categories?post=10786"},{"taxonomy":"post_tag","embeddable":true,"href":"https:\/\/crir.ca\/en\/wp-json\/wp\/v2\/tags?post=10786"}],"curies":[{"name":"wp","href":"https:\/\/api.w.org\/{rel}","templated":true}]}}