{"id":14261,"date":"2021-11-15T16:31:24","date_gmt":"2021-11-15T21:31:24","guid":{"rendered":"http:\/\/nomination-a-liurdpm-nouveaux-responsables-de-creneaux\/"},"modified":"2021-11-15T16:56:10","modified_gmt":"2021-11-15T21:56:10","slug":"nomination-a-liurdpm-nouveaux-responsables-de-creneaux","status":"publish","type":"post","link":"https:\/\/crir.ca\/en\/nomination-a-liurdpm-nouveaux-responsables-de-creneaux\/","title":{"rendered":"Appointments at IURDPM &#8211; News &#8220;Responsables de cr\u00e9neaux&#8221;"},"content":{"rendered":"<h1>The Institut universitaire sur la r\u00e9adaptation en d\u00e9ficience physique de Montr\u00e9al (IURDPM) and the CRIR are pleased to announce the appointment of three &#8220;Responsable du cr\u00e9neau&#8221;<span style=\"color: #808000;\">*<\/span>:<\/h1>\n<p>&nbsp;<\/p>\n<p><img loading=\"lazy\" decoding=\"async\" class=\"wp-image-5653 alignleft\" src=\"https:\/\/crir.ca\/wp-content\/uploads\/2017\/05\/Barth\u00e9lemyD_2-1.jpg\" alt=\"\" width=\"86\" height=\"121\" srcset=\"https:\/\/crir.ca\/wp-content\/uploads\/2017\/05\/Barth\u00e9lemyD_2-1.jpg 354w, https:\/\/crir.ca\/wp-content\/uploads\/2017\/05\/Barth\u00e9lemyD_2-1-212x300.jpg 212w, https:\/\/crir.ca\/wp-content\/uploads\/2017\/05\/Barth\u00e9lemyD_2-1-17x24.jpg 17w, https:\/\/crir.ca\/wp-content\/uploads\/2017\/05\/Barth\u00e9lemyD_2-1-25x36.jpg 25w, https:\/\/crir.ca\/wp-content\/uploads\/2017\/05\/Barth\u00e9lemyD_2-1-34x48.jpg 34w\" sizes=\"auto, (max-width: 86px) 100vw, 86px\" \/><\/p>\n<ul>\n<li><a href=\"https:\/\/crir.ca\/en\/member\/dorothy-barthelemy-pht-ph-d\/\" target=\"_blank\" rel=\"noopener\"><strong>Dorothy Barth\u00e9lemy<\/strong><\/a>, CRIR-IURDPM Researcher |\u00a0<a href=\"mailto:dorothy.barthelemy@umontreal.ca\">dorothy.barthelemy@umontreal.ca<\/a><\/li>\n<\/ul>\n<p>Responsable du cr\u00e9neau<em>\u00a0:<br \/>\n<strong>Mobilit\u00e9 &#8211; la mobilit\u00e9 et ses aspects moteurs, sensoriels et cognitifs chez les populations ayant une atteinte neurologie, traumatique ou autre<\/strong><\/em><\/p>\n<p>&nbsp;<\/p>\n<p><strong style=\"font-size: 0.9em;\"><img loading=\"lazy\" decoding=\"async\" class=\"wp-image-9832 alignleft\" src=\"https:\/\/crir.ca\/wp-content\/uploads\/2017\/05\/Kairy-Dahlia-2020.jpg\" alt=\"\" width=\"100\" height=\"93\" srcset=\"https:\/\/crir.ca\/wp-content\/uploads\/2017\/05\/Kairy-Dahlia-2020.jpg 340w, https:\/\/crir.ca\/wp-content\/uploads\/2017\/05\/Kairy-Dahlia-2020-300x281.jpg 300w, https:\/\/crir.ca\/wp-content\/uploads\/2017\/05\/Kairy-Dahlia-2020-24x22.jpg 24w, https:\/\/crir.ca\/wp-content\/uploads\/2017\/05\/Kairy-Dahlia-2020-36x34.jpg 36w, https:\/\/crir.ca\/wp-content\/uploads\/2017\/05\/Kairy-Dahlia-2020-48x45.jpg 48w\" sizes=\"auto, (max-width: 100px) 100vw, 100px\" \/><\/strong><\/p>\n<p><a href=\"https:\/\/crir.ca\/en\/member\/dahlia-kairy-pht-ph-d\/\" target=\"_blank\" rel=\"noopener\"><strong>Dahlia Kairy<\/strong><\/a>, CRIR-IURDPM Researcher |\u00a0<a href=\"mailto:dahlia.kairy@umontreal.ca\">dahlia.kairy@umontreal.ca<\/a><\/p>\n<p>Responsable du cr\u00e9neau :<br \/>\n<strong><em>Environnement &#8211; les interventions et services en r\u00e9adaptation dont ceux centr\u00e9s sur l&#8217;environnement social, physique et technologique entourant les personnes ayant une d\u00e9ficience physique (audition, langage, motricit\u00e9 et cognitif associ\u00e9s)<\/em><\/strong><\/p>\n<p>&nbsp;<\/p>\n<p><strong><img loading=\"lazy\" decoding=\"async\" class=\"wp-image-9404 alignleft\" src=\"https:\/\/crir.ca\/wp-content\/uploads\/2017\/05\/RezzonicoS-1.jpg\" alt=\"\" width=\"87\" height=\"118\" srcset=\"https:\/\/crir.ca\/wp-content\/uploads\/2017\/05\/RezzonicoS-1.jpg 142w, https:\/\/crir.ca\/wp-content\/uploads\/2017\/05\/RezzonicoS-1-18x24.jpg 18w, https:\/\/crir.ca\/wp-content\/uploads\/2017\/05\/RezzonicoS-1-27x36.jpg 27w, https:\/\/crir.ca\/wp-content\/uploads\/2017\/05\/RezzonicoS-1-36x48.jpg 36w\" sizes=\"auto, (max-width: 87px) 100vw, 87px\" \/><\/strong><\/p>\n<p><a href=\"https:\/\/crir.ca\/en\/member\/stefano-rezzonico-ph-d\/\" target=\"_blank\" rel=\"noopener\"><strong>Stefano Rezzonico<\/strong><\/a>, CRIR-IURDPM Researcher |\u00a0<a href=\"mailto:stefano.rezzonico@umontreal.ca\">stefano.rezzonico@umontreal.ca<\/a><\/p>\n<p>Responsable du cr\u00e9neau :<br \/>\n<strong><em>Communication &#8211; la communication chez des populations ayant une atteinte neurologique acquise, un trouble d\u00e9veloppemental du langage, un trouble du langage, un trouble de parole ou un trouble d&#8217;audition ou de vision<\/em><\/strong><\/p>\n<p>&nbsp;<\/p>\n<p><strong>Congratulations Dorothy, Dahlia et Stefano<\/strong><strong>\u00a0!<\/strong><\/p>\n<div>IURDPM and CRIR would like to acknowledge the sustained commitment and valuable contribution of <a href=\"https:\/\/crir.ca\/en\/member\/elin-thordardottir-ph-d\/\">Elin Thordardottir<\/a> (since 2013), <a href=\"https:\/\/crir.ca\/en\/member\/claire-croteau-ph-d\/\" target=\"_blank\" rel=\"noopener\">Claire Croteau<\/a> (since 2016) and <a href=\"https:\/\/crir.ca\/en\/member\/cyril-duclos-pt-ph-d\/\" target=\"_blank\" rel=\"noopener\">Cyril Duclos<\/a> (since 2016) as Site Director!<\/div>\n<div><\/div>\n<div>They will remain close collaborators within the IURDPM and CRIR.<\/div>\n<p>______________________________________________________________________________________<\/p>\n<p>* The title &#8220;Responsable de cr\u00e9neaux&#8221; replaces &#8220;Site Director&#8221; within the IURDPM-CRIR.<\/p>\n","protected":false},"excerpt":{"rendered":"<p>The Institut universitaire sur la r\u00e9adaptation en d\u00e9ficience physique de Montr\u00e9al (IURDPM) and the CRIR are pleased to announce the appointment of three &#8220;Responsable du cr\u00e9neau&#8221;*: &nbsp; Dorothy Barth\u00e9lemy, CRIR-IURDPM Researcher |\u00a0dorothy.barthelemy@umontreal.ca Responsable du cr\u00e9neau\u00a0: Mobilit\u00e9 &#8211; la mobilit\u00e9 et&#8230;<br \/><a href=\"https:\/\/crir.ca\/en\/nomination-a-liurdpm-nouveaux-responsables-de-creneaux\/\" class=\"read-more btn\">Read more <span class=\"sr-only\">about Appointments at IURDPM &#8211; News &#8220;Responsables de cr\u00e9neaux&#8221;<\/span><\/a><\/p>\n","protected":false},"author":23,"featured_media":14271,"comment_status":"closed","ping_status":"open","sticky":false,"template":"","format":"standard","meta":{"_acf_changed":false,"footnotes":""},"categories":[182,4],"tags":[],"class_list":["post-14261","post","type-post","status-publish","format-standard","has-post-thumbnail","hentry","category-nomination-of-members","category-uncategorized"],"acf":[],"_links":{"self":[{"href":"https:\/\/crir.ca\/en\/wp-json\/wp\/v2\/posts\/14261","targetHints":{"allow":["GET"]}}],"collection":[{"href":"https:\/\/crir.ca\/en\/wp-json\/wp\/v2\/posts"}],"about":[{"href":"https:\/\/crir.ca\/en\/wp-json\/wp\/v2\/types\/post"}],"author":[{"embeddable":true,"href":"https:\/\/crir.ca\/en\/wp-json\/wp\/v2\/users\/23"}],"replies":[{"embeddable":true,"href":"https:\/\/crir.ca\/en\/wp-json\/wp\/v2\/comments?post=14261"}],"version-history":[{"count":6,"href":"https:\/\/crir.ca\/en\/wp-json\/wp\/v2\/posts\/14261\/revisions"}],"predecessor-version":[{"id":14279,"href":"https:\/\/crir.ca\/en\/wp-json\/wp\/v2\/posts\/14261\/revisions\/14279"}],"wp:featuredmedia":[{"embeddable":true,"href":"https:\/\/crir.ca\/en\/wp-json\/wp\/v2\/media\/14271"}],"wp:attachment":[{"href":"https:\/\/crir.ca\/en\/wp-json\/wp\/v2\/media?parent=14261"}],"wp:term":[{"taxonomy":"category","embeddable":true,"href":"https:\/\/crir.ca\/en\/wp-json\/wp\/v2\/categories?post=14261"},{"taxonomy":"post_tag","embeddable":true,"href":"https:\/\/crir.ca\/en\/wp-json\/wp\/v2\/tags?post=14261"}],"curies":[{"name":"wp","href":"https:\/\/api.w.org\/{rel}","templated":true}]}}