{"id":15090,"date":"2022-03-22T15:12:28","date_gmt":"2022-03-22T19:12:28","guid":{"rendered":"http:\/\/appel-a-la-candidature-responsable-dunite-thematique-2-de-laxe-1-au-crir\/"},"modified":"2022-03-23T07:50:38","modified_gmt":"2022-03-23T11:50:38","slug":"appel-a-la-candidature-responsable-dunite-thematique-2-de-laxe-1-au-crir","status":"publish","type":"post","link":"https:\/\/crir.ca\/en\/appel-a-la-candidature-responsable-dunite-thematique-2-de-laxe-1-au-crir\/","title":{"rendered":"CRIR &#8211; Appel \u00e0 la candidature : Responsable d\u2019unit\u00e9 th\u00e9matique 2 de l\u2019axe 1 au CRIR"},"content":{"rendered":"<div class=\"highlight-box\">\n<p><strong>Aux chercheurs de l&#8217;Axe 1 \u2013<br \/>\n<\/strong><strong>Fonctions et activit\u00e9s sensorielles, motrice et cognitive<\/strong><\/p>\n<p>La Direction scientifique du CRIR sollicite ses membres pour un <strong>appel \u00e0 la candidature pour s\u2019impliquer dans les activit\u00e9s des axes du CRIR<\/strong> et pour combler le r\u00f4le de\u00a0<strong>Responsable de l\u2019unit\u00e9 th\u00e9matique 2 <\/strong>\u00ab\u00a0Activit\u00e9s physiques et cognitives\u00a0\u00bb <strong>de l\u2019axe 1<\/strong>\u00a0\u00ab Fonctions et activit\u00e9s sensorielles, motrices et cognitives \u00bb.<\/p>\n<\/div>\n<h2>En bref<\/h2>\n<p>Le CRIR oriente ses \u00e9quipes de recherche autour de deux axes principaux :<\/p>\n<ul>\n<li><a href=\"https:\/\/can01.safelinks.protection.outlook.com\/?url=https%3A%2F%2Fcrir.ca%2Frecherche%2Faxes-et-unites-thematiques%2Faxe-1%2F&amp;data=04%7C01%7Cbfillion.crir%40ssss.gouv.qc.ca%7Ccc4973753e4744a4c1d508d9eb17eade%7C06e1fe285f8b4075bf6cae24be1a7992%7C0%7C0%7C637799310214330135%7CUnknown%7CTWFpbGZsb3d8eyJWIjoiMC4wLjAwMDAiLCJQIjoiV2luMzIiLCJBTiI6Ik1haWwiLCJXVCI6Mn0%3D%7C3000&amp;sdata=MJu78M%2Fg0l2B3HKFo2pCOlUafMZgXiF2r%2F3dmZMTfWs%3D&amp;reserved=0\"><strong>Axe\u00a01\u00a0: Fonctions et activit\u00e9s sensorielles, motrices et cognitives<\/strong><\/a><\/li>\n<li><a href=\"https:\/\/can01.safelinks.protection.outlook.com\/?url=https%3A%2F%2Fcrir.ca%2Frecherche%2Faxes-et-unites-thematiques%2Faxe-2%2F&amp;data=04%7C01%7Cbfillion.crir%40ssss.gouv.qc.ca%7Ccc4973753e4744a4c1d508d9eb17eade%7C06e1fe285f8b4075bf6cae24be1a7992%7C0%7C0%7C637799310214330135%7CUnknown%7CTWFpbGZsb3d8eyJWIjoiMC4wLjAwMDAiLCJQIjoiV2luMzIiLCJBTiI6Ik1haWwiLCJXVCI6Mn0%3D%7C3000&amp;sdata=uXJAniQvh%2BkB2mtqu%2FACavbZY6c7J4LxWQqArsphBgU%3D&amp;reserved=0\"><strong>Axe 2 : Participation, inclusion sociale et services de r\u00e9adaptation<\/strong><\/a><\/li>\n<\/ul>\n<p>En savoir plus sur les axes\u00a0: <a href=\"https:\/\/crir.ca\/recherche\/axes-et-unites-thematiques\/axe-2\/\">https:\/\/crir.ca\/recherche\/axes-et-unites-thematiques\/axe-2\/<\/a><\/p>\n<p>Deux th\u00e9matiques de recherche sont pr\u00e9sentes pour chacune des axes de recherche du CRIR. Un responsable d\u2019axe est par la suite choisi parmi les responsables des unit\u00e9s th\u00e9matiques constituantes de chaque axe.<\/p>\n<h2>Responsabilit\u00e9s<\/h2>\n<p>Plus sp\u00e9cifiquement, le responsable d\u2019unit\u00e9 th\u00e9matique de recherche s&#8217;occupe du d\u00e9veloppement et de la coordination de son unit\u00e9.<\/p>\n<p>Notamment :<\/p>\n<ul>\n<li>Soutenir le d\u00e9veloppement et l\u2019\u00e9volution de la recherche de son unit\u00e9 th\u00e9matique.<\/li>\n<li>Assurer une repr\u00e9sentation ad\u00e9quate de la recherche fondamentale, clinique, \u00e9pid\u00e9miologique et \u00e9valuative dans son unit\u00e9<\/li>\n<li>Assurer au plan scientifique l\u2019expertise-conseil requise<\/li>\n<li>Promouvoir la productivit\u00e9 scientifique de son unit\u00e9<\/li>\n<li>Contribuer \u00e0 la r\u00e9daction du plan de d\u00e9veloppement et \u00e0 l\u2019\u00e9valuation de mi-mandat du Centre<\/li>\n<li>Si\u00e9ger au Comit\u00e9 d\u2019orientation de la recherche (COR; 4 \u00e0 6 r\u00e9unions par ann\u00e9e)<\/li>\n<li>Participer \u00e0 l\u2019assembl\u00e9e g\u00e9n\u00e9rale annuelle, ainsi qu\u2019\u00e0 l\u2019assembl\u00e9e des chercheurs r\u00e9guliers du CRIR<\/li>\n<\/ul>\n<p>Le responsable d\u2019unit\u00e9 th\u00e9matique de recherche peut compter sur le soutien d\u2019une personne d\u00e9di\u00e9e \u00e0 la coordination des axes pour la r\u00e9alisation de son mandat.<\/p>\n<h2>Conditions<\/h2>\n<ul>\n<li>Le responsable d\u2019unit\u00e9 th\u00e9matique doit \u00eatre membre chercheur en r\u00e8gle du CRIR;<\/li>\n<li>Le bilinguisme est requis;<\/li>\n<li>Un mandat de 3 ans (renouvelable).<\/li>\n<\/ul>\n<h2>D\u00e9poser votre candidature<\/h2>\n<ul>\n<li>Les personnes int\u00e9ress\u00e9es sont invit\u00e9es \u00e0 signifier leur motivation en envoyant un court texte \u00e0 <a href=\"mailto:administration.crir@ssss.gouv.qc.ca\">administration.crir@ssss.gouv.qc.ca<\/a> <span style=\"color: #ff0000;\">au plus tard, le <strong>vendredi 15 avril 2022<\/strong>.<\/span><\/li>\n<li>La priorit\u00e9 sera accord\u00e9e aux candidats occupant un poste soit \u00e0 l\u2019Universit\u00e9 McGill, Condordia ou \u00e0 l\u2019Universit\u00e9 du Qu\u00e9bec \u00e0 Montr\u00e9al, et ce, afin d\u2019\u00e9quilibrer la repr\u00e9sentativit\u00e9 des universit\u00e9s dans l\u2019\u00e9quipe des axes<\/li>\n<\/ul>\n<p><a style=\"font-size: 0.9em;\" href=\"https:\/\/crir.ca\/wp-content\/uploads\/2022\/03\/Responsable-unit\u00e9-th\u00e9matique-2-Axe-1_CRIR_2022_F.docx\">En savoir plus<\/a><\/p>\n<div class=\"highlight-box\">\n<p>Le CRIR valorise l\u2019\u00e9quit\u00e9, la diversit\u00e9 et l\u2019inclusion et invite les personnes autochtones, les membres de minorit\u00e9s visibles et ethniques, les femmes et les personnes en situation de handicap \u00e0 pr\u00e9senter leur candidature. Les personnes handicap\u00e9es peuvent \u00e9galement nous faire part de leurs besoins particuliers relativement au processus de s\u00e9lection pour le mandat sollicit\u00e9 afin de faciliter l\u2019\u00e9tude de leur candidature. Nous remercions toutes les personnes de leur int\u00e9r\u00eat pour cette fonction. Toutefois, nous ne communiquerons qu\u2019avec celles dont la candidature sera retenue.<\/p>\n<\/div>\n","protected":false},"excerpt":{"rendered":"<p>Aux chercheurs de l&#8217;Axe 1 \u2013 Fonctions et activit\u00e9s sensorielles, motrice et cognitive La Direction scientifique du CRIR sollicite ses membres pour un appel \u00e0 la candidature pour s\u2019impliquer dans les activit\u00e9s des axes du CRIR et pour combler le&#8230;<br \/><a href=\"https:\/\/crir.ca\/en\/appel-a-la-candidature-responsable-dunite-thematique-2-de-laxe-1-au-crir\/\" class=\"read-more btn\">Read more <span class=\"sr-only\">about CRIR &#8211; Appel \u00e0 la candidature : Responsable d\u2019unit\u00e9 th\u00e9matique 2 de l\u2019axe 1 au CRIR<\/span><\/a><\/p>\n","protected":false},"author":23,"featured_media":2391,"comment_status":"closed","ping_status":"open","sticky":false,"template":"","format":"standard","meta":{"_acf_changed":false,"footnotes":""},"categories":[184],"tags":[],"class_list":["post-15090","post","type-post","status-publish","format-standard","has-post-thumbnail","hentry","category-jobs-and-internships"],"acf":[],"_links":{"self":[{"href":"https:\/\/crir.ca\/en\/wp-json\/wp\/v2\/posts\/15090","targetHints":{"allow":["GET"]}}],"collection":[{"href":"https:\/\/crir.ca\/en\/wp-json\/wp\/v2\/posts"}],"about":[{"href":"https:\/\/crir.ca\/en\/wp-json\/wp\/v2\/types\/post"}],"author":[{"embeddable":true,"href":"https:\/\/crir.ca\/en\/wp-json\/wp\/v2\/users\/23"}],"replies":[{"embeddable":true,"href":"https:\/\/crir.ca\/en\/wp-json\/wp\/v2\/comments?post=15090"}],"version-history":[{"count":7,"href":"https:\/\/crir.ca\/en\/wp-json\/wp\/v2\/posts\/15090\/revisions"}],"predecessor-version":[{"id":15117,"href":"https:\/\/crir.ca\/en\/wp-json\/wp\/v2\/posts\/15090\/revisions\/15117"}],"wp:featuredmedia":[{"embeddable":true,"href":"https:\/\/crir.ca\/en\/wp-json\/wp\/v2\/media\/2391"}],"wp:attachment":[{"href":"https:\/\/crir.ca\/en\/wp-json\/wp\/v2\/media?parent=15090"}],"wp:term":[{"taxonomy":"category","embeddable":true,"href":"https:\/\/crir.ca\/en\/wp-json\/wp\/v2\/categories?post=15090"},{"taxonomy":"post_tag","embeddable":true,"href":"https:\/\/crir.ca\/en\/wp-json\/wp\/v2\/tags?post=15090"}],"curies":[{"name":"wp","href":"https:\/\/api.w.org\/{rel}","templated":true}]}}