{"id":16632,"date":"2022-07-06T09:56:15","date_gmt":"2022-07-06T13:56:15","guid":{"rendered":"http:\/\/dahlia-kairy-membre-du-conseil-dorientation-du-regroupement-strategique-inter\/"},"modified":"2022-07-06T10:04:39","modified_gmt":"2022-07-06T14:04:39","slug":"dahlia-kairy-membre-du-conseil-dorientation-du-regroupement-strategique-inter","status":"publish","type":"post","link":"https:\/\/crir.ca\/en\/dahlia-kairy-membre-du-conseil-dorientation-du-regroupement-strategique-inter\/","title":{"rendered":"Dahlia Kairy &#8211; Member of the Orientation Board of the Regroupement strat\u00e9gique INTER!"},"content":{"rendered":"<div>Researcher <a href=\"https:\/\/crir.ca\/en\/member\/dahlia-kairy-pht-ph-d\/\">Dahlia Kairy<\/a> (CRIR-IURDPM) has been appointed member of the Orientation Board of the <a href=\"https:\/\/regroupementinter.com\/en\/\"><em>Regroupement strat\u00e9gique INTER<\/em><\/a> and will sit as a representative of the <strong><em>Universit\u00e9 de Montr\u00e9al<\/em> <\/strong>and of the theme \u00c9valuation en clinique ou en milieu de vie of the axe \u00c9valuation et transfert technologique on the Orientation Council of INTER!<\/div>\n<div><\/div>\n<div>Bravo Dahlia !<\/div>\n<div><\/div>\n<div>\n<hr \/>\n<\/div>\n<div><\/div>\n<div><strong>Regroupement strat\u00e9gique INTER<\/strong>\u00a0is an interdisciplinary strategic group of researchers froma natural sciences, engineering, health sciences, the humanities and social sciences.<\/div>\n<div><\/div>\n","protected":false},"excerpt":{"rendered":"<p>Researcher Dahlia Kairy (CRIR-IURDPM) has been appointed member of the Orientation Board of the Regroupement strat\u00e9gique INTER and will sit as a representative of the Universit\u00e9 de Montr\u00e9al and of the theme \u00c9valuation en clinique ou en milieu de vie&#8230;<br \/><a href=\"https:\/\/crir.ca\/en\/dahlia-kairy-membre-du-conseil-dorientation-du-regroupement-strategique-inter\/\" class=\"read-more btn\">Read more <span class=\"sr-only\">about Dahlia Kairy &#8211; Member of the Orientation Board of the Regroupement strat\u00e9gique INTER!<\/span><\/a><\/p>\n","protected":false},"author":23,"featured_media":9833,"comment_status":"closed","ping_status":"open","sticky":false,"template":"","format":"standard","meta":{"_acf_changed":false,"footnotes":""},"categories":[144],"tags":[],"class_list":["post-16632","post","type-post","status-publish","format-standard","has-post-thumbnail","hentry","category-medias-en"],"acf":[],"_links":{"self":[{"href":"https:\/\/crir.ca\/en\/wp-json\/wp\/v2\/posts\/16632","targetHints":{"allow":["GET"]}}],"collection":[{"href":"https:\/\/crir.ca\/en\/wp-json\/wp\/v2\/posts"}],"about":[{"href":"https:\/\/crir.ca\/en\/wp-json\/wp\/v2\/types\/post"}],"author":[{"embeddable":true,"href":"https:\/\/crir.ca\/en\/wp-json\/wp\/v2\/users\/23"}],"replies":[{"embeddable":true,"href":"https:\/\/crir.ca\/en\/wp-json\/wp\/v2\/comments?post=16632"}],"version-history":[{"count":3,"href":"https:\/\/crir.ca\/en\/wp-json\/wp\/v2\/posts\/16632\/revisions"}],"predecessor-version":[{"id":16636,"href":"https:\/\/crir.ca\/en\/wp-json\/wp\/v2\/posts\/16632\/revisions\/16636"}],"wp:featuredmedia":[{"embeddable":true,"href":"https:\/\/crir.ca\/en\/wp-json\/wp\/v2\/media\/9833"}],"wp:attachment":[{"href":"https:\/\/crir.ca\/en\/wp-json\/wp\/v2\/media?parent=16632"}],"wp:term":[{"taxonomy":"category","embeddable":true,"href":"https:\/\/crir.ca\/en\/wp-json\/wp\/v2\/categories?post=16632"},{"taxonomy":"post_tag","embeddable":true,"href":"https:\/\/crir.ca\/en\/wp-json\/wp\/v2\/tags?post=16632"}],"curies":[{"name":"wp","href":"https:\/\/api.w.org\/{rel}","templated":true}]}}