{"id":16653,"date":"2022-07-07T13:05:48","date_gmt":"2022-07-07T17:05:48","guid":{"rendered":"https:\/\/crir.ca\/en\/whats-new\/\/"},"modified":"2022-07-07T13:21:02","modified_gmt":"2022-07-07T17:21:02","slug":"sylvie-nadeau-laureate-du-prix-excellence-repar-2022","status":"publish","type":"post","link":"https:\/\/crir.ca\/en\/sylvie-nadeau-laureate-du-prix-excellence-repar-2022\/","title":{"rendered":"Sylvie Nadeau \u2014 Winner of the REPAR 2022 Excellence Award"},"content":{"rendered":"<h3><strong>The CRIR Scientific Direction congratulates researcher <a href=\"https:\/\/crir.ca\/en\/member\/sylvie-nadeau-pht-ph-d\/\">Sylvie Nadeau<\/a><\/strong><strong> (CRIR-IURDPM) for this award of excellence received for her exceptional career in rehabilitation.<\/strong><\/h3>\n<p>With this award, REPAR recognizes the excellence of the research in adaptation-rehabilitation conducted by Ms. Nadeau, a regular member of REPAR since 1998. She exercises leadership in research and her actions have a demonstrated impact\u0301 in the rehabilitation environment or ecosystem. By presenting her with the REPAR 2022 Excellence Award, REPAR is thus highlighting Ms. Nadeau&#8217;s achievements, which contribute significantly to the advancement of adaptation-rehabilitation research in Quebec.<\/p>\n<p>This distinction is a remarkable illustration of Sylvie&#8217;s career and we are very proud to count her in the Scientific community of CRIR.<\/p>\n<p>Congratulations Sylvie!<\/p>\n<p>&nbsp;<\/p>\n<p><a href=\"https:\/\/crir.ca\/en\/member\/sylvie-nadeau-pht-ph-d\/\">Sylvie M. Nadeau<\/a>, pht, Ph.D.<br \/>\nFull Professor, School of Rehabilitation, Universit\u00e9 de Montr\u00e9al,<br \/>\nResearcher, CRIR\u2013Institut universitaire sur la r\u00e9adaptation en d\u00e9ficience physique de Montr\u00e9al (IURDPM), Gingras Pavilion of the CIUSSS du Centre-Sud-de-l&#8217;\u00cele-de-Montr\u00e9al<\/p>\n<p><a class=\"btn\" href=\"https:\/\/cdn.kamelo.id-3.net\/clients\/18411\/public\/792788dd-ce24-4860-05c5-c5c28de3ae13\/files\/Presentation_S_Nadeau_PrixExcellence_2022.pdf?utm_source=Kamelo&amp;utm_medium=email&amp;utm_campaign=Laureates-des-prix-du-REPAR-2022\">REPAR announcement (in French)<\/a><\/p>\n","protected":false},"excerpt":{"rendered":"<p>The CRIR Scientific Direction congratulates researcher Sylvie Nadeau (CRIR-IURDPM) for this award of excellence received for her exceptional career in rehabilitation. With this award, REPAR recognizes the excellence of the research in adaptation-rehabilitation conducted by Ms. Nadeau, a regular member&#8230;<br \/><a href=\"https:\/\/crir.ca\/en\/sylvie-nadeau-laureate-du-prix-excellence-repar-2022\/\" class=\"read-more btn\">Read more <span class=\"sr-only\">about Sylvie Nadeau \u2014 Winner of the REPAR 2022 Excellence Award<\/span><\/a><\/p>\n","protected":false},"author":23,"featured_media":9053,"comment_status":"closed","ping_status":"open","sticky":false,"template":"","format":"standard","meta":{"_acf_changed":false,"footnotes":""},"categories":[144],"tags":[],"class_list":["post-16653","post","type-post","status-publish","format-standard","has-post-thumbnail","hentry","category-medias-en"],"acf":[],"_links":{"self":[{"href":"https:\/\/crir.ca\/en\/wp-json\/wp\/v2\/posts\/16653","targetHints":{"allow":["GET"]}}],"collection":[{"href":"https:\/\/crir.ca\/en\/wp-json\/wp\/v2\/posts"}],"about":[{"href":"https:\/\/crir.ca\/en\/wp-json\/wp\/v2\/types\/post"}],"author":[{"embeddable":true,"href":"https:\/\/crir.ca\/en\/wp-json\/wp\/v2\/users\/23"}],"replies":[{"embeddable":true,"href":"https:\/\/crir.ca\/en\/wp-json\/wp\/v2\/comments?post=16653"}],"version-history":[{"count":6,"href":"https:\/\/crir.ca\/en\/wp-json\/wp\/v2\/posts\/16653\/revisions"}],"predecessor-version":[{"id":16665,"href":"https:\/\/crir.ca\/en\/wp-json\/wp\/v2\/posts\/16653\/revisions\/16665"}],"wp:featuredmedia":[{"embeddable":true,"href":"https:\/\/crir.ca\/en\/wp-json\/wp\/v2\/media\/9053"}],"wp:attachment":[{"href":"https:\/\/crir.ca\/en\/wp-json\/wp\/v2\/media?parent=16653"}],"wp:term":[{"taxonomy":"category","embeddable":true,"href":"https:\/\/crir.ca\/en\/wp-json\/wp\/v2\/categories?post=16653"},{"taxonomy":"post_tag","embeddable":true,"href":"https:\/\/crir.ca\/en\/wp-json\/wp\/v2\/tags?post=16653"}],"curies":[{"name":"wp","href":"https:\/\/api.w.org\/{rel}","templated":true}]}}