{"id":20179,"date":"2023-06-27T09:45:51","date_gmt":"2023-06-27T13:45:51","guid":{"rendered":"http:\/\/communique-financement-exceptionnel-pour-la-recherche-au-crir\/"},"modified":"2023-07-05T10:07:40","modified_gmt":"2023-07-05T14:07:40","slug":"communique-financement-exceptionnel-pour-la-recherche-au-crir","status":"publish","type":"post","link":"https:\/\/crir.ca\/en\/communique-financement-exceptionnel-pour-la-recherche-au-crir\/","title":{"rendered":"PRESS RELEASE: Exceptional funding for research at the CRIR!"},"content":{"rendered":"<h1><strong>Exceptional funding of more than $2 million\u00a0<\/strong><strong>for rehabilitation research at the CRIR<\/strong><\/h1>\n<p><strong>\u00a0<\/strong><\/p>\n<p>Montreal, June 27, 2023,<\/p>\n<p>Six principal investigators, members of the Centre for Interdisciplinary Research in Rehabilitation of Greater Montreal\u00a0(<a href=\"https:\/\/crir.ca\/en\/\">CRIR<\/a>) of the Institut universitaire sur la r\u00e9adaptation en d\u00e9ficience physique de Montr\u00e9al (<a href=\"https:\/\/iurdpm.ca\/fr\/a-propos\">IURDPM<\/a>), have been awarded more than $2 million by the LRH Foundation to fund three new innovative rehabilitation research programs to be carried out primarily at the Gingras Lindsay Rehabilitation Institute of Montreal (IRGLM) of the CIUSSS du Centre-Sud-de-l&#8217;\u00cele-de-Montr\u00e9al.<\/p>\n<p>The CRIR is a unique research center. It is distinguished by the excellence, breadth, and diversity of its research in rehabilitation, as well as through its interdisciplinary, intersectoral and knowledge mobilization initiatives. These initiatives have a powerful impact in the clinical, scientific, public and community sectors.<\/p>\n<p>Congratulations to all parties involved in these new research programs: our <strong>researchers<\/strong> who make CRIR blossom, the partner institutions (Institut universitaire sur la r\u00e9adaptation en d\u00e9ficience physique de Montr\u00e9al (IURDPM) of CIUSSS du Centre-Sud-de-l&#8217;\u00cele-de-Montr\u00e9al, Jewish Rehabilitation Hospital (JRH) of CISSS de Laval, Lethbridge-Layton-Mackay Rehabilitation Center (LLMRC) of CIUSSS West-Central Montreal), the 6 participating universities (Universit\u00e9 de Montr\u00e9al (UdeM), McGill University (McGill), Universit\u00e9 du Qu\u00e9bec \u00e0 Montr\u00e9al (UQAM), Universit\u00e9 de Sherbrooke, Universit\u00e9 du Qu\u00e9bec \u00e0 Trois-Rivi\u00e8res (UQTR), \u00c9cole de technologie sup\u00e9rieure (\u00c9TS), as well as industrial, community, clinical and research partners.<\/p>\n<p>Sincere thanks to the LRH Foundation for enabling the CRIR teams to expand innovative research in the field of rehabilitation.<\/p>\n<div class=\"highlight-box\">\n<p><a href=\"https:\/\/iurdpm.ca\/fr\/actualite\/prix-lindsay\">Read the IURDPM press release (in French)<\/a>.<br \/>\nThe list of recipient teams follows.<\/p>\n<\/div>\n<p>&nbsp;<\/p>\n<p>The scientific direction of the CRIR and the Institut universitaire sur la r\u00e9adaptation en d\u00e9ficience physique de Montr\u00e9al (IURDPM),<\/p>\n<p><a href=\"https:\/\/crir.ca\/en\/member\/philippe-archambault-erg-ph-d\/\">Philippe Archambault, erg. Ph.D<\/a>.\u00a0\u00a0\u00a0 \u00a0\u00a0\u00a0\u00a0\u00a0\u00a0\u00a0 <a href=\"https:\/\/crir.ca\/en\/member\/claudine-auger-erg-ph-d\/\">Claudine Auger, erg. Ph.D.<\/a><\/p>\n<p>&nbsp;<\/p>\n<hr \/>\n<p>&nbsp;<\/p>\n<h2><strong>Sponsored programs and winning teams\u00a0 <\/strong><\/h2>\n<p><strong><img loading=\"lazy\" decoding=\"async\" class=\"alignnone size-full wp-image-20176\" src=\"https:\/\/crir.ca\/wp-content\/uploads\/2023\/06\/Logo-LRH.jpg\" alt=\"\" width=\"215\" height=\"161\" srcset=\"https:\/\/crir.ca\/wp-content\/uploads\/2023\/06\/Logo-LRH.jpg 215w, https:\/\/crir.ca\/wp-content\/uploads\/2023\/06\/Logo-LRH-24x18.jpg 24w, https:\/\/crir.ca\/wp-content\/uploads\/2023\/06\/Logo-LRH-36x27.jpg 36w, https:\/\/crir.ca\/wp-content\/uploads\/2023\/06\/Logo-LRH-48x36.jpg 48w\" sizes=\"auto, (max-width: 215px) 100vw, 215px\" \/><\/strong><\/p>\n<p><strong>Lindsay Award |\u00a0<\/strong><strong>June 2023<\/strong><\/p>\n<p><strong>\u00a0<\/strong><\/p>\n<h4><a href=\"https:\/\/www.iurdpm.ca\/fr\/programme-cime\"><strong>Programme CIME<\/strong><\/a><strong> :<br \/>\n<\/strong><strong>D\u00e9veloppement et implantation d\u2019une Clinique d\u2019Intensification et de neuromodulation pour les personnes ayant une l\u00e9sion de la Moelle \u00c9pini\u00e8re.<\/strong><strong><br \/>\n<\/strong><\/h4>\n<p>&nbsp;<\/p>\n<p><strong>Principal investigators:<\/strong><\/p>\n<ul>\n<li><strong><a href=\"https:\/\/crir.ca\/en\/member\/dorothy-barthelemy-pht-ph-d\/\">Dorothy Barth\u00e9lemy<\/a>,<\/strong> CRIR-IURDPM, UdeM<\/li>\n<li><strong><a href=\"https:\/\/crir.ca\/en\/member\/diana-zidarov-pht-ph-d\/\">Diana Zidarov<\/a>,<\/strong> CRIR-IURDPM, UdeM<\/li>\n<\/ul>\n<p>&nbsp;<\/p>\n<p><strong>Co-investigators:<\/strong><\/p>\n<ul>\n<li>Marco Bonizzato, \u00c9cole Polytechnique de Montr\u00e9al, <strong><a href=\"https:\/\/crir.ca\/en\/member\/marika-demers-ph-d\/\">Marika Demers<\/a>, <\/strong>CRIR-IURDPM, UdeM,<strong> <a href=\"https:\/\/crir.ca\/en\/member\/cyril-duclos-pt-ph-d\/\">Cyril Duclos<\/a>, <\/strong>CRIR-IURDPM, UdeM,<strong> <a href=\"https:\/\/crir.ca\/en\/member\/victoria-duda-ph-d\/\">Victoria Duda<\/a>, <\/strong>CRIR-IURDPM, UdeM,<strong> <a href=\"https:\/\/crir.ca\/en\/member\/maxime-maheu-ph-d\/\">Maxime Maheu<\/a>, <\/strong>CRIR-IURDPM, UdeM, Marina Martinez, UdeM, CIRCA et CR HSCM, <strong><a href=\"https:\/\/crir.ca\/en\/member\/marc-roig-pull-ph-d\/\">Marc Roig<\/a>, <\/strong>CRIR-JRH, McGill, <strong><a href=\"https:\/\/crir.ca\/en\/member\/shane-n-sweet-ph-d\/\">Shane Sweet<\/a>,<\/strong> CRIR-JRH, McGill.<\/li>\n<\/ul>\n<p>&nbsp;<\/p>\n<p><strong>Collaborators (RFI et RAIS):<\/strong><\/p>\n<ul>\n<li>Caroline Joly, Spinal Cord Injury Program Manager, Marianne Cossette-Levasseur, pht, Catherine Dansereau, pht, Nancy Dub\u00e9, erg, V\u00e9ronique Girodias, PhD neuropsychologist, G\u00e9raldine Jacquemin, MD, physiatrist, Jean-Fran\u00e7ois Lemay, pht, Audrey Melan\u00e7on-Thivierge, pht, Philippe M\u00e9nard, pht, Andr\u00e9a Moreault, pht, Bich-Han Nguyen, MD, physiatrist, Isabelle Robidoux, pht, LM coordinator, Priscille Furg\u00e9, MD, general practitioner, David Gaucher, partner user, Benjamin Leclair, partner user, M\u00e9lanie Labelle, partner user, Sylvie Labine, caregiver.<\/li>\n<\/ul>\n<p>&nbsp;<\/p>\n<h4><a href=\"https:\/\/www.iurdpm.ca\/fr\/programme-levier\"><strong>Programme LEViER<\/strong><\/a><strong> :<br \/>\n<\/strong><strong>Laboratoire d\u2019\u00c9thique Vivante En R\u00e9adaptation. Pour aller plus loin ensemble!<\/strong><\/h4>\n<p>&nbsp;<\/p>\n<p><strong>Principal investigators: <\/strong><\/p>\n<ul>\n<li><strong><a href=\"https:\/\/crir.ca\/en\/member\/anne-hudon-pht-ph-d\/\">Anne Hudon<\/a>,<\/strong> CRIR-IURDPM, UdeM<\/li>\n<li><strong><a href=\"https:\/\/crir.ca\/en\/member\/matthew-r-hunt-pht-ph-d\/\">Matthew Hunt<\/a>,<\/strong> CRIR-HJR, McGill<\/li>\n<li><strong>Eric Racine<\/strong>, IRCM-UdeM<\/li>\n<\/ul>\n<p><strong><br \/>\nProgram team members:<br \/>\n<\/strong><\/p>\n<p><strong>Researcher<\/strong> <strong>members:\u00a0<\/strong><\/p>\n<ul>\n<li>Marie-Jos\u00e9e Drolet, UQTR, CR\u00c9-UdeM, ID\u00c9A-UdeM,\u00a0<strong><a href=\"https:\/\/crir.ca\/en\/member\/cyril-duclos-pt-ph-d\/\">Cyril Duclos<\/a>,\u00a0<\/strong>CRIR-IURDPM, UdeM,\u00a0<strong><a href=\"https:\/\/crir.ca\/en\/member\/quan-nha-hong-erg-ph-d\/\">Quan Nha Hong<\/a>,\u00a0<\/strong>CRIR-IURDPM, UdeM,\u00a0<strong><a href=\"https:\/\/crir.ca\/en\/member\/eva-kehayia-ph-d\/\">Eva Kehayia<\/a>,\u00a0<\/strong>CRIR- JRH, McGill,\u00a0<strong>Ingrid Verduyckt,\u00a0<\/strong>CRIR-IURDPM, UdeM,\u00a0<strong><a href=\"https:\/\/crir.ca\/en\/member\/diana-zidarov-pht-ph-d\/\">Diana Zidarov<\/a>,\u00a0<\/strong>CRIR-IURDPM, UdeM.<\/li>\n<\/ul>\n<p><strong>Members: users, clinicians, ethicists and managers:<\/strong><\/p>\n<ul>\n<li>Aur\u00e9lie Garceau, RGLM research user, Andr\u00e9 Potvin, CCSMTL resource user, Nicolas Steresco, IRGLM user committee president, Any Brouillette, pht, MA bioethics, CCSMTL ethics advisor, Isabelle Fournier, MA applied ethics, CCSMTL ethics advisor, Malgorzata Depa, erg, M. Sc clinical manager IRGLM-CCSMTL, Pascal Desrochers, pht, M.Sc. clinician in the CBT Program and ethics ambassador, IRGLM-CCSMTL.<\/li>\n<\/ul>\n<p><strong>Members of the advisory committee:\u00a0<\/strong><\/p>\n<ul>\n<li>Nathalie Caissy, BSc Occupational Therapy, PGM, PMP, LSSBB, Technical Aids Coordinator &#8211; DI-TSA-DP, CCSMTL, Me Anik Nolet, Senior Research Ethics Advisor, CCSMTL.<\/li>\n<\/ul>\n<p>&nbsp;<\/p>\n<h4><a href=\"https:\/\/www.iurdpm.ca\/fr\/programme-ensemble\"><strong>Programme Ensemble!<\/strong><\/a> :<br \/>\n<strong>Implanter la technologie et l&#8217;intelligence artificielle au quotidien des client\u00e8les de l\u2019IRGLM pour un traitement optimal (dosage, progression, personnalisation) : Ensemble faisons plus! Doing more together!<\/strong><\/h4>\n<p>&nbsp;<\/p>\n<p><strong>Lead researchers: <\/strong><\/p>\n<ul>\n<li><strong><a href=\"https:\/\/crir.ca\/en\/member\/dahlia-kairy-pht-ph-d\/\">Dahlia Kairy<\/a>,<\/strong> CRIR-IURDPM, UdeM<\/li>\n<li><strong><a href=\"https:\/\/crir.ca\/en\/member\/sylvie-nadeau-pht-ph-d\/\">Sylvie Nadeau<\/a>,<\/strong> CRIR-IURDPM, UdeM<\/li>\n<\/ul>\n<p><strong><br \/>\nProgram team members:<br \/>\n<\/strong><\/p>\n<p><strong>Researcher<\/strong><strong> members:\u00a0<\/strong><\/p>\n<ul>\n<li><strong><a href=\"https:\/\/crir.ca\/en\/member\/rachid-aissaoui-ing-ph-d\/\">Rachid Aissaoui<\/a>, <\/strong>CRIR-IURDPM, CRCHUM, ETS, <strong><a href=\"https:\/\/crir.ca\/en\/member\/felix-chenier-ph-d\/\">F\u00e9lix Ch\u00e9nier<\/a>, <\/strong>CRIR-IURDPM, UQAM. <strong><a href=\"https:\/\/crir.ca\/en\/member\/elaine-de-guise-ph-d\/\">Elaine de Guise<\/a>, <\/strong>CRIR-IURDPM, UdeM, <strong><a href=\"https:\/\/crir.ca\/en\/member\/marika-demers-ph-d\/\">Marika Demers<\/a>, <\/strong>CRIR-IURDPM, UdeM, <strong><a href=\"https:\/\/crir.ca\/en\/member\/cyril-duclos-pt-ph-d\/\">Cyril Duclos<\/a>, <\/strong>CRIR-IURDPM, UdeM, <strong><a href=\"https:\/\/crir.ca\/en\/member\/johanne-higgins-ph-d\/\">Johanne Higgins<\/a>, <\/strong>CRIR-IURDPM, UdeM, <strong><a href=\"https:\/\/crir.ca\/en\/member\/anne-hudon-pht-ph-d\/\">Anne Hudon<\/a>, <\/strong>CRIR-IURDPM, UdeM, David Labb\u00e9, CRCHUM-ETS, <strong><a href=\"https:\/\/crir.ca\/en\/member\/mindy-f-levin-pht-ph-d\/\">Mindy Levin<\/a>,<\/strong> CRIR-IURDPM, McGill, Gabriel Moisan, GRAN-UQTR.<\/li>\n<\/ul>\n<p><strong>Collaborators members:<\/strong><\/p>\n<ul>\n<li><strong><a href=\"https:\/\/crir.ca\/en\/member\/sara-ahmed-pht-ph-d\/\">Sara Ahmed<\/a>, <\/strong>CRIR-CRLLM, McGill, Nicolas Berryman, CRIUGM-UQAM, <strong><a href=\"https:\/\/crir.ca\/en\/member\/dany-h-gagnon-pht-ph-d\/\">Dany Gagnon<\/a>, <\/strong>CRIR-IURDPM, UdeM, <strong><a href=\"https:\/\/crir.ca\/en\/member\/joyce-fung-ph-d\/\">Joyce Fung<\/a>, <\/strong>CRIR-HJR, McGill, Fran\u00e7ois Michaud, USherbrooke-INTER, Fran\u00e7ois Ferland, USherbrooke, INTER-FQD, Felix Quentin Desrosiers, CCSMTL DITSADP, Orthotist-prosthetist IRGLM.<\/li>\n<\/ul>\n<p>&nbsp;<\/p>\n<p>\u00ab\u00a0Joignez votre voix \u00e0 la n\u00f4tre et propulsons ensemble la recherche!\u00a0\u00bb<\/p>\n<p><img loading=\"lazy\" decoding=\"async\" class=\"alignnone wp-image-16372\" src=\"https:\/\/crir.ca\/wp-content\/uploads\/2022\/06\/FRQS-Masculin-300x77.png\" alt=\"\" width=\"534\" height=\"137\" srcset=\"https:\/\/crir.ca\/wp-content\/uploads\/2022\/06\/FRQS-Masculin-300x77.png 300w, https:\/\/crir.ca\/wp-content\/uploads\/2022\/06\/FRQS-Masculin-768x198.png 768w, https:\/\/crir.ca\/wp-content\/uploads\/2022\/06\/FRQS-Masculin-24x6.png 24w, https:\/\/crir.ca\/wp-content\/uploads\/2022\/06\/FRQS-Masculin-36x9.png 36w, https:\/\/crir.ca\/wp-content\/uploads\/2022\/06\/FRQS-Masculin-48x12.png 48w, https:\/\/crir.ca\/wp-content\/uploads\/2022\/06\/FRQS-Masculin.png 970w\" sizes=\"auto, (max-width: 534px) 100vw, 534px\" \/><\/p>\n","protected":false},"excerpt":{"rendered":"<p>Exceptional funding of more than $2 million\u00a0for rehabilitation research at the CRIR \u00a0 Montreal, June 27, 2023, Six principal investigators, members of the Centre for Interdisciplinary Research in Rehabilitation of Greater Montreal\u00a0(CRIR) of the Institut universitaire sur la r\u00e9adaptation en&#8230;<br \/><a href=\"https:\/\/crir.ca\/en\/communique-financement-exceptionnel-pour-la-recherche-au-crir\/\" class=\"read-more btn\">Read more <span class=\"sr-only\">about PRESS RELEASE: Exceptional funding for research at the CRIR!<\/span><\/a><\/p>\n","protected":false},"author":23,"featured_media":1100,"comment_status":"closed","ping_status":"open","sticky":false,"template":"","format":"standard","meta":{"_acf_changed":false,"footnotes":""},"categories":[144],"tags":[],"class_list":["post-20179","post","type-post","status-publish","format-standard","has-post-thumbnail","hentry","category-medias-en"],"acf":[],"_links":{"self":[{"href":"https:\/\/crir.ca\/en\/wp-json\/wp\/v2\/posts\/20179","targetHints":{"allow":["GET"]}}],"collection":[{"href":"https:\/\/crir.ca\/en\/wp-json\/wp\/v2\/posts"}],"about":[{"href":"https:\/\/crir.ca\/en\/wp-json\/wp\/v2\/types\/post"}],"author":[{"embeddable":true,"href":"https:\/\/crir.ca\/en\/wp-json\/wp\/v2\/users\/23"}],"replies":[{"embeddable":true,"href":"https:\/\/crir.ca\/en\/wp-json\/wp\/v2\/comments?post=20179"}],"version-history":[{"count":8,"href":"https:\/\/crir.ca\/en\/wp-json\/wp\/v2\/posts\/20179\/revisions"}],"predecessor-version":[{"id":20206,"href":"https:\/\/crir.ca\/en\/wp-json\/wp\/v2\/posts\/20179\/revisions\/20206"}],"wp:featuredmedia":[{"embeddable":true,"href":"https:\/\/crir.ca\/en\/wp-json\/wp\/v2\/media\/1100"}],"wp:attachment":[{"href":"https:\/\/crir.ca\/en\/wp-json\/wp\/v2\/media?parent=20179"}],"wp:term":[{"taxonomy":"category","embeddable":true,"href":"https:\/\/crir.ca\/en\/wp-json\/wp\/v2\/categories?post=20179"},{"taxonomy":"post_tag","embeddable":true,"href":"https:\/\/crir.ca\/en\/wp-json\/wp\/v2\/tags?post=20179"}],"curies":[{"name":"wp","href":"https:\/\/api.w.org\/{rel}","templated":true}]}}