{"id":20754,"date":"2023-09-12T16:06:25","date_gmt":"2023-09-12T20:06:25","guid":{"rendered":"https:\/\/crir.ca\/en\/whats-new\/\/"},"modified":"2023-09-14T11:32:30","modified_gmt":"2023-09-14T15:32:30","slug":"recherche-detudiantes-et-detudiants-a-la-maitrise-ou-au-doctorat-ou-pour-un-stage-postdoctoral-labo-iv","status":"publish","type":"post","link":"https:\/\/crir.ca\/en\/recherche-detudiantes-et-detudiants-a-la-maitrise-ou-au-doctorat-ou-pour-un-stage-postdoctoral-labo-iv\/","title":{"rendered":"Recherche d&#8217;\u00e9tudiantes et d&#8217;\u00e9tudiants \u00e0 la ma\u00eetrise ou au doctorat ou pour un stage postdoctoral : Labo IV"},"content":{"rendered":"<p><img loading=\"lazy\" decoding=\"async\" class=\"alignnone size-medium wp-image-20760\" src=\"https:\/\/crir.ca\/wp-content\/uploads\/2023\/09\/Labo-IV_Ingrid-Verduyckt-300x114.png\" alt=\"\" width=\"300\" height=\"114\" srcset=\"https:\/\/crir.ca\/wp-content\/uploads\/2023\/09\/Labo-IV_Ingrid-Verduyckt-300x114.png 300w, https:\/\/crir.ca\/wp-content\/uploads\/2023\/09\/Labo-IV_Ingrid-Verduyckt-768x292.png 768w, https:\/\/crir.ca\/wp-content\/uploads\/2023\/09\/Labo-IV_Ingrid-Verduyckt-1024x390.png 1024w, https:\/\/crir.ca\/wp-content\/uploads\/2023\/09\/Labo-IV_Ingrid-Verduyckt-24x9.png 24w, https:\/\/crir.ca\/wp-content\/uploads\/2023\/09\/Labo-IV_Ingrid-Verduyckt-36x14.png 36w, https:\/\/crir.ca\/wp-content\/uploads\/2023\/09\/Labo-IV_Ingrid-Verduyckt-48x18.png 48w\" sizes=\"auto, (max-width: 300px) 100vw, 300px\" \/><\/p>\n<p><img loading=\"lazy\" decoding=\"async\" class=\"alignnone wp-image-466\" src=\"https:\/\/crir.ca\/wp-content\/uploads\/2017\/05\/logo_udem-300x122.png\" sizes=\"auto, (max-width: 150px) 100vw, 150px\" srcset=\"https:\/\/crir.ca\/wp-content\/uploads\/2017\/05\/logo_udem-300x122.png 300w, https:\/\/crir.ca\/wp-content\/uploads\/2017\/05\/logo_udem-24x10.png 24w, https:\/\/crir.ca\/wp-content\/uploads\/2017\/05\/logo_udem-36x15.png 36w, https:\/\/crir.ca\/wp-content\/uploads\/2017\/05\/logo_udem-48x20.png 48w, https:\/\/crir.ca\/wp-content\/uploads\/2017\/05\/logo_udem.png 640w\" alt=\"\" width=\"150\" height=\"61\" \/>\u00a0\u00a0\u00a0<img loading=\"lazy\" decoding=\"async\" class=\"alignnone wp-image-1102\" src=\"https:\/\/crir.ca\/wp-content\/uploads\/2017\/05\/logo_crir-300x264.jpg\" sizes=\"auto, (max-width: 85px) 100vw, 85px\" srcset=\"https:\/\/crir.ca\/wp-content\/uploads\/2017\/05\/logo_crir-300x264.jpg 300w, https:\/\/crir.ca\/wp-content\/uploads\/2017\/05\/logo_crir-768x675.jpg 768w, https:\/\/crir.ca\/wp-content\/uploads\/2017\/05\/logo_crir-24x21.jpg 24w, https:\/\/crir.ca\/wp-content\/uploads\/2017\/05\/logo_crir-36x32.jpg 36w, https:\/\/crir.ca\/wp-content\/uploads\/2017\/05\/logo_crir-48x42.jpg 48w, https:\/\/crir.ca\/wp-content\/uploads\/2017\/05\/logo_crir.jpg 878w\" alt=\"\" width=\"85\" height=\"75\" \/>\u00a0<img loading=\"lazy\" decoding=\"async\" class=\"alignnone wp-image-18159\" src=\"https:\/\/crir.ca\/wp-content\/uploads\/2022\/09\/Logo-IURDPM_Coul-300x183.png\" alt=\"\" width=\"131\" height=\"80\" srcset=\"https:\/\/crir.ca\/wp-content\/uploads\/2022\/09\/Logo-IURDPM_Coul-300x183.png 300w, https:\/\/crir.ca\/wp-content\/uploads\/2022\/09\/Logo-IURDPM_Coul-768x470.png 768w, https:\/\/crir.ca\/wp-content\/uploads\/2022\/09\/Logo-IURDPM_Coul-24x15.png 24w, https:\/\/crir.ca\/wp-content\/uploads\/2022\/09\/Logo-IURDPM_Coul-36x22.png 36w, https:\/\/crir.ca\/wp-content\/uploads\/2022\/09\/Logo-IURDPM_Coul-48x29.png 48w, https:\/\/crir.ca\/wp-content\/uploads\/2022\/09\/Logo-IURDPM_Coul.png 924w\" sizes=\"auto, (max-width: 131px) 100vw, 131px\" \/><\/p>\n<div class=\"highlight-box\">\n<p><span style=\"color: #808000;\"><strong>Vous \u00eates une personne passionn\u00e9e par la voix?<\/strong><\/span><br \/>\n<strong><span style=\"color: #808000;\">Vous avez un int\u00e9r\u00eat pour la vulgarisation scientifique?<\/span><\/strong><\/p>\n<\/div>\n<p>&nbsp;<\/p>\n<ul>\n<li><a href=\"https:\/\/crir.ca\/wp-content\/uploads\/2023\/09\/Appel-de-candidatures_LaboIV_Ingrid-Verduyckt.pdf\">Appel de candidatures_LaboIV_Ingrid Verduyckt (PDF)<\/a><\/li>\n<\/ul>\n<p>Les professeures Ingrid Verduyckt et Pascale Ca\u00efdor recherchent des \u00e9tudiant\u00b7es pour entreprendre une maitrise, un doctorat ou un stage postdoctoral au sein de leur \u00e9quipe de recherche. L\u2019\u00e9tudiant\u00b7e pourra contribuer \u00e0 un projet de communication scientifique interdisciplinaire faisant la promotion de la voix et de la communication au sein du Labo IV de l\u2019Universit\u00e9 de Montr\u00e9al.<\/p>\n<p>Le <strong>Labo IV<\/strong> est dirig\u00e9 par <a href=\"https:\/\/crir.ca\/chercheurs-et-intervenants\/chercheurs-reguliers\/2949\/\">Ingrid Verduyckt<\/a>, PhD, professeure agr\u00e9g\u00e9e \u00e0 l\u2019\u00c9cole d\u2019orthophonie et d\u2019audiologie de l\u2019Universit\u00e9 de Montr\u00e9al et chercheure r\u00e9guli\u00e8re au CRIR.<\/p>\n<p>&nbsp;<\/p>\n<h2>Profil recherch\u00e9<\/h2>\n<p><strong>Vous \u00eates une personne\u2026<\/strong><\/p>\n<ul>\n<li>D\u00e9tentrice d\u2019un baccalaur\u00e9at, d\u2019une maitrise ou d\u2019un doctorat dans un domaine pertinent (orthophonie, chant, neuroscience, communication,\u00b7\u2026);<\/li>\n<li>Passionn\u00e9e par la communication scientifique et les facettes multiples de la communication humaine;<\/li>\n<li>Proactive et autonome;<\/li>\n<li>Rassembleuse et qui aime travailler en \u00e9quipe;<\/li>\n<li>Organis\u00e9e et rigoureuse<\/li>\n<\/ul>\n<p><strong>\u2026 venez r\u00e9aliser vos \u00e9tudes sup\u00e9rieures ou votre stage postdoctoral avec nous !<\/strong><\/p>\n<p>&nbsp;<\/p>\n<h2>Au sein de votre \u00e9quipe, vos principales t\u00e2ches seront de :<\/h2>\n<p>Vous serez impliqu\u00e9(e) dans une \u00e9quipe qui travaille \u00e0\u00a0susciter la curiosit\u00e9 et rendre accessibles les\u00a0connaissances scientifiques entourant la voix et la\u00a0communication dans une perspective inclusive et\u00a0interdisciplinaire. Vous aurez l\u2019occasion de participer \u00e0\u00a0des formations sur la communication scientifique.<\/p>\n<p><strong>**Possibilit\u00e9 de r\u00e9aliser les \u00e9tudes \u00e0 l\u2019Universit\u00e9 et de Montr\u00e9al.<\/strong><\/p>\n<p>&nbsp;<\/p>\n<div class=\"highlight-box\">\n<p>Veuillez s\u2019il-vous-pla\u00eet envoyer votre CV \u00e0 l\u2019adresse suivante : <a href=\"mailto:ingrid.verduyckt@umontreal.ca\">ingrid.verduyckt@umontreal.ca<\/a><\/p>\n<p>En savoir plus sur le laboratoire :\u00a0<a href=\"https:\/\/labo4.ca\/\">https:\/\/labo4.ca\/<\/a><\/p>\n<\/div>\n<p>Nous vous remercions pour votre int\u00e9r\u00eat. Notez que seulement les personnes dont la candidature\u00a0sera retenue seront contact\u00e9es.<\/p>\n","protected":false},"excerpt":{"rendered":"<p>\u00a0\u00a0\u00a0\u00a0 Vous \u00eates une personne passionn\u00e9e par la voix? Vous avez un int\u00e9r\u00eat pour la vulgarisation scientifique? &nbsp; Appel de candidatures_LaboIV_Ingrid Verduyckt (PDF) Les professeures Ingrid Verduyckt et Pascale Ca\u00efdor recherchent des \u00e9tudiant\u00b7es pour entreprendre une maitrise, un doctorat ou&#8230;<br \/><a href=\"https:\/\/crir.ca\/en\/recherche-detudiantes-et-detudiants-a-la-maitrise-ou-au-doctorat-ou-pour-un-stage-postdoctoral-labo-iv\/\" class=\"read-more btn\">Read more <span class=\"sr-only\">about Recherche d&#8217;\u00e9tudiantes et d&#8217;\u00e9tudiants \u00e0 la ma\u00eetrise ou au doctorat ou pour un stage postdoctoral : Labo IV<\/span><\/a><\/p>\n","protected":false},"author":23,"featured_media":20760,"comment_status":"closed","ping_status":"open","sticky":false,"template":"","format":"standard","meta":{"_acf_changed":false,"footnotes":""},"categories":[184],"tags":[],"class_list":["post-20754","post","type-post","status-publish","format-standard","has-post-thumbnail","hentry","category-jobs-and-internships"],"acf":[],"_links":{"self":[{"href":"https:\/\/crir.ca\/en\/wp-json\/wp\/v2\/posts\/20754","targetHints":{"allow":["GET"]}}],"collection":[{"href":"https:\/\/crir.ca\/en\/wp-json\/wp\/v2\/posts"}],"about":[{"href":"https:\/\/crir.ca\/en\/wp-json\/wp\/v2\/types\/post"}],"author":[{"embeddable":true,"href":"https:\/\/crir.ca\/en\/wp-json\/wp\/v2\/users\/23"}],"replies":[{"embeddable":true,"href":"https:\/\/crir.ca\/en\/wp-json\/wp\/v2\/comments?post=20754"}],"version-history":[{"count":6,"href":"https:\/\/crir.ca\/en\/wp-json\/wp\/v2\/posts\/20754\/revisions"}],"predecessor-version":[{"id":20786,"href":"https:\/\/crir.ca\/en\/wp-json\/wp\/v2\/posts\/20754\/revisions\/20786"}],"wp:featuredmedia":[{"embeddable":true,"href":"https:\/\/crir.ca\/en\/wp-json\/wp\/v2\/media\/20760"}],"wp:attachment":[{"href":"https:\/\/crir.ca\/en\/wp-json\/wp\/v2\/media?parent=20754"}],"wp:term":[{"taxonomy":"category","embeddable":true,"href":"https:\/\/crir.ca\/en\/wp-json\/wp\/v2\/categories?post=20754"},{"taxonomy":"post_tag","embeddable":true,"href":"https:\/\/crir.ca\/en\/wp-json\/wp\/v2\/tags?post=20754"}],"curies":[{"name":"wp","href":"https:\/\/api.w.org\/{rel}","templated":true}]}}