{"id":21302,"date":"2023-11-13T10:00:50","date_gmt":"2023-11-13T15:00:50","guid":{"rendered":"http:\/\/nomination-au-siege-administratif-du-crir-julien-quesne-coordonnateur-des-axes-de-recherche\/"},"modified":"2023-11-16T09:43:35","modified_gmt":"2023-11-16T14:43:35","slug":"nomination-au-siege-administratif-du-crir-julien-quesne-coordonnateur-des-axes-de-recherche","status":"publish","type":"post","link":"https:\/\/crir.ca\/en\/nomination-au-siege-administratif-du-crir-julien-quesne-coordonnateur-des-axes-de-recherche\/","title":{"rendered":"Appointment to CRIR&#8217;s administrative headquarters: Julien Quesne | Research axes coordinator"},"content":{"rendered":"<p>The CRIR&#8217;s scientific direction and the team of axes and thematic units are pleased to announce the appointment of <strong>Julien Quesne<\/strong> to the position of Research axes coordinator.<\/p>\n<p>Julien&#8217;s role will be to assist the axis and thematic unit managers in developing and implementing the programming of scientific activities for the axes. He will plan and organize events (roundtables, training sessions, thematic workshops and brainstorming sessions for research and clinical members), collect and analyze data according to CRIR&#8217;s performance indicators, and act as a resource person for all strategic research-related issues (open access policy, research data management and sharing, special projects). Finally, he or she will contribute to the elaboration and coordination of CRIR&#8217;s development plan by supporting the inherent work.<\/p>\n<p>&nbsp;<\/p>\n<h2><strong>Julien Quesne<\/strong><\/h2>\n<p>Julien is a sociologist with a Ph.D in Sociology from the Universit\u00e9 du Qu\u00e9bec \u00e0 Montr\u00e9al and a master&#8217;s degree in Business and Communications. For several years, he has been involved in social science research on race and racism, and more broadly on issues relating to the emotional dimension of social inequalities. He is also recognized for his organizational, project management and coordination skills, having held positions in both France and Quebec, in both the public and private sectors.<\/p>\n<p>The CRIR family welcomes him!<\/p>\n<p>&nbsp;<\/p>\n<h3><strong>ANNOUNCEMENT OF APPOINTMENT<\/strong><strong> | Julien Quesne<\/strong><\/h3>\n<ul>\n<li><a href=\"https:\/\/crir.ca\/wp-content\/uploads\/2023\/11\/Appointment_Research-axes-coordinator_Julien-Quesne.docx.pdf\">PDF Format (pdf)<\/a>\u00a0&#8211;<a href=\"https:\/\/crir.ca\/wp-content\/uploads\/2023\/11\/Appointment_Research-axes-coordinator_Julien-Quesne.docx\">\u00a0Word Format (docx)<\/a><\/li>\n<\/ul>\n<p><img loading=\"lazy\" decoding=\"async\" class=\"alignnone size-medium wp-image-21422\" src=\"https:\/\/crir.ca\/wp-content\/uploads\/2023\/11\/Nomination_Julien-Quesne_13Nov2023-300x169.jpg\" alt=\"\" width=\"300\" height=\"169\" srcset=\"https:\/\/crir.ca\/wp-content\/uploads\/2023\/11\/Nomination_Julien-Quesne_13Nov2023-300x169.jpg 300w, https:\/\/crir.ca\/wp-content\/uploads\/2023\/11\/Nomination_Julien-Quesne_13Nov2023-1024x576.jpg 1024w, https:\/\/crir.ca\/wp-content\/uploads\/2023\/11\/Nomination_Julien-Quesne_13Nov2023-768x432.jpg 768w, https:\/\/crir.ca\/wp-content\/uploads\/2023\/11\/Nomination_Julien-Quesne_13Nov2023-24x14.jpg 24w, https:\/\/crir.ca\/wp-content\/uploads\/2023\/11\/Nomination_Julien-Quesne_13Nov2023-36x20.jpg 36w, https:\/\/crir.ca\/wp-content\/uploads\/2023\/11\/Nomination_Julien-Quesne_13Nov2023-48x27.jpg 48w, https:\/\/crir.ca\/wp-content\/uploads\/2023\/11\/Nomination_Julien-Quesne_13Nov2023.jpg 1280w\" sizes=\"auto, (max-width: 300px) 100vw, 300px\" \/><\/p>\n<div class=\"highlight-box\">\n<p>Julien has been on board since November 6, 2023\u00a0and can be reached via email at <a href=\"mailto:jquesne.crir@ssss.gouv.qc.ca\" target=\"_blank\" rel=\"noopener\">jquesne.crir@ssss.gouv.qc.ca<\/a><\/p>\n<\/div>\n","protected":false},"excerpt":{"rendered":"<p>The CRIR&#8217;s scientific direction and the team of axes and thematic units are pleased to announce the appointment of Julien Quesne to the position of Research axes coordinator. Julien&#8217;s role will be to assist the axis and thematic unit managers&#8230;<br \/><a href=\"https:\/\/crir.ca\/en\/nomination-au-siege-administratif-du-crir-julien-quesne-coordonnateur-des-axes-de-recherche\/\" class=\"read-more btn\">Read more <span class=\"sr-only\">about Appointment to CRIR&#8217;s administrative headquarters: Julien Quesne | Research axes coordinator<\/span><\/a><\/p>\n","protected":false},"author":23,"featured_media":21291,"comment_status":"closed","ping_status":"open","sticky":false,"template":"","format":"standard","meta":{"_acf_changed":false,"footnotes":""},"categories":[182],"tags":[],"class_list":["post-21302","post","type-post","status-publish","format-standard","has-post-thumbnail","hentry","category-nomination-of-members"],"acf":[],"_links":{"self":[{"href":"https:\/\/crir.ca\/en\/wp-json\/wp\/v2\/posts\/21302","targetHints":{"allow":["GET"]}}],"collection":[{"href":"https:\/\/crir.ca\/en\/wp-json\/wp\/v2\/posts"}],"about":[{"href":"https:\/\/crir.ca\/en\/wp-json\/wp\/v2\/types\/post"}],"author":[{"embeddable":true,"href":"https:\/\/crir.ca\/en\/wp-json\/wp\/v2\/users\/23"}],"replies":[{"embeddable":true,"href":"https:\/\/crir.ca\/en\/wp-json\/wp\/v2\/comments?post=21302"}],"version-history":[{"count":8,"href":"https:\/\/crir.ca\/en\/wp-json\/wp\/v2\/posts\/21302\/revisions"}],"predecessor-version":[{"id":21427,"href":"https:\/\/crir.ca\/en\/wp-json\/wp\/v2\/posts\/21302\/revisions\/21427"}],"wp:featuredmedia":[{"embeddable":true,"href":"https:\/\/crir.ca\/en\/wp-json\/wp\/v2\/media\/21291"}],"wp:attachment":[{"href":"https:\/\/crir.ca\/en\/wp-json\/wp\/v2\/media?parent=21302"}],"wp:term":[{"taxonomy":"category","embeddable":true,"href":"https:\/\/crir.ca\/en\/wp-json\/wp\/v2\/categories?post=21302"},{"taxonomy":"post_tag","embeddable":true,"href":"https:\/\/crir.ca\/en\/wp-json\/wp\/v2\/tags?post=21302"}],"curies":[{"name":"wp","href":"https:\/\/api.w.org\/{rel}","templated":true}]}}