{"id":23276,"date":"2024-05-16T16:01:29","date_gmt":"2024-05-16T20:01:29","guid":{"rendered":"https:\/\/crir.ca\/nomination-a-luniversite-mcgill-elin-thordardottir-nommee-vice-doyenne-et-directrice-ecole-des-sciences-de-la-communication-humaine-esch-de-la-faculte-de-medecine-et-des-sciences-de-la-sante-f\/"},"modified":"2024-05-16T16:09:40","modified_gmt":"2024-05-16T20:09:40","slug":"nomination-a-luniversite-mcgill-elin-thordardottir-nommee-vice-doyenne-et-directrice-ecole-des-sciences-de-la-communication-humaine-esch-de-la-faculte-de-medecine-et-des-sciences-de-la-sante-f","status":"publish","type":"post","link":"https:\/\/crir.ca\/en\/nomination-a-luniversite-mcgill-elin-thordardottir-nommee-vice-doyenne-et-directrice-ecole-des-sciences-de-la-communication-humaine-esch-de-la-faculte-de-medecine-et-des-sciences-de-la-sante-f\/","title":{"rendered":"Appointment at McGill University: Elin Thordardottir appointed Associate Dean and Director, School of Communication Sciences and Disorders (SCSD), Faculty of Medicine and Health Sciences (FMHS)"},"content":{"rendered":"<p>As Associate Dean and Director of the SCSD as of September 1, 2024, Prof. Thordardottir will be responsible for leading the educational mission of both the clinical and research programs and for setting the scientific priorities and goals of the School. Prof. Thordardottir will also be a member of the FMHS leadership team and will work closely with leaders across the Faculty to sustain and enhance a collaborative inter-professional and interdisciplinary academic culture.<\/p>\n<p>Prof. Thordardottir will also oversee the SCSD\u2019s collaborative ties with the programs and departments of Psychology, Linguistics, Neuroscience, Otolaryngology and Biomedical Engineering at McGill, the McGill Centre for Research on Brain, Language and Music, the CRIR, the Montreal Neurological Institute and other Qu\u00e9bec universities. She will also maintain national and international educational and research collaborations.<\/p>\n<p>The scientific direction and all the members of CRIR congratulate you Elin!<\/p>\n<p>&nbsp;<\/p>\n<h4><a href=\"https:\/\/crir.ca\/en\/member\/elin-thordardottir-ph-d\/\">Elin Thordardottir, Ph.D.<\/a><\/h4>\n<p>Full Professor, School of Communication Sciences and Disorders, McGill University;<br \/>\nResearcher, CRIR\u2013Institut universitaire sur la r\u00e9adaptation en d\u00e9ficience physique de Montr\u00e9al (IURDPM), Laurier pavilion, CIUSSS du Centre-Sud-de-l&#8217;\u00cele-de-Montr\u00e9al (CCSMTL)<\/p>\n<p>&nbsp;<\/p>\n<hr \/>\n<div class=\"highlight-box\">\n<p><a href=\"https:\/\/healthenews.mcgill.ca\/\" target=\"_blank\" rel=\"noopener\">Read the news from McGill University &#8211; Health e-News<\/a><\/p>\n<\/div>\n","protected":false},"excerpt":{"rendered":"<p>As Associate Dean and Director of the SCSD as of September 1, 2024, Prof. Thordardottir will be responsible for leading the educational mission of both the clinical and research programs and for setting the scientific priorities and goals of the&#8230;<br \/><a href=\"https:\/\/crir.ca\/en\/nomination-a-luniversite-mcgill-elin-thordardottir-nommee-vice-doyenne-et-directrice-ecole-des-sciences-de-la-communication-humaine-esch-de-la-faculte-de-medecine-et-des-sciences-de-la-sante-f\/\" class=\"read-more btn\">Read more <span class=\"sr-only\">about Appointment at McGill University: Elin Thordardottir appointed Associate Dean and Director, School of Communication Sciences and Disorders (SCSD), Faculty of Medicine and Health Sciences (FMHS)<\/span><\/a><\/p>\n","protected":false},"author":23,"featured_media":23273,"comment_status":"closed","ping_status":"open","sticky":false,"template":"","format":"standard","meta":{"_acf_changed":false,"footnotes":""},"categories":[144],"tags":[],"class_list":["post-23276","post","type-post","status-publish","format-standard","has-post-thumbnail","hentry","category-medias-en"],"acf":[],"_links":{"self":[{"href":"https:\/\/crir.ca\/en\/wp-json\/wp\/v2\/posts\/23276","targetHints":{"allow":["GET"]}}],"collection":[{"href":"https:\/\/crir.ca\/en\/wp-json\/wp\/v2\/posts"}],"about":[{"href":"https:\/\/crir.ca\/en\/wp-json\/wp\/v2\/types\/post"}],"author":[{"embeddable":true,"href":"https:\/\/crir.ca\/en\/wp-json\/wp\/v2\/users\/23"}],"replies":[{"embeddable":true,"href":"https:\/\/crir.ca\/en\/wp-json\/wp\/v2\/comments?post=23276"}],"version-history":[{"count":3,"href":"https:\/\/crir.ca\/en\/wp-json\/wp\/v2\/posts\/23276\/revisions"}],"predecessor-version":[{"id":23282,"href":"https:\/\/crir.ca\/en\/wp-json\/wp\/v2\/posts\/23276\/revisions\/23282"}],"wp:featuredmedia":[{"embeddable":true,"href":"https:\/\/crir.ca\/en\/wp-json\/wp\/v2\/media\/23273"}],"wp:attachment":[{"href":"https:\/\/crir.ca\/en\/wp-json\/wp\/v2\/media?parent=23276"}],"wp:term":[{"taxonomy":"category","embeddable":true,"href":"https:\/\/crir.ca\/en\/wp-json\/wp\/v2\/categories?post=23276"},{"taxonomy":"post_tag","embeddable":true,"href":"https:\/\/crir.ca\/en\/wp-json\/wp\/v2\/tags?post=23276"}],"curies":[{"name":"wp","href":"https:\/\/api.w.org\/{rel}","templated":true}]}}