{"id":25166,"date":"2024-11-20T13:00:14","date_gmt":"2024-11-20T18:00:14","guid":{"rendered":"https:\/\/crir.ca\/ingrid-verduyckt-laureate-du-prix-effet-recherche-prix-muse-2024-du-ciusss-du-centre-sud-de-lile-de-montreal\/"},"modified":"2025-01-07T11:56:17","modified_gmt":"2025-01-07T16:56:17","slug":"ingrid-verduyckt-laureate-du-prix-effet-recherche-prix-muse-2024-du-ciusss-du-centre-sud-de-lile-de-montreal","status":"publish","type":"post","link":"https:\/\/crir.ca\/en\/ingrid-verduyckt-laureate-du-prix-effet-recherche-prix-muse-2024-du-ciusss-du-centre-sud-de-lile-de-montreal\/","title":{"rendered":"Ingrid Verduyckt \u2013 Winner of the CIUSSS du Centre-Sud-de-l&#8217;\u00cele-de-Montr\u00e9al \u201cEffet recherche | Muse 2024\u201d Award"},"content":{"rendered":"<h1>Muse 2024 Award | DEUR University Mission Week at CIUSSS du Centre-Sud-de-l&#8217;\u00cele-de-Montr\u00e9al<\/h1>\n<div>\n<p>As part of CIUSSS du Centre-Sud-de-l&#8217;\u00cele-de-Montr\u00e9al&#8217;s (CCSMTL) University Mission Week, held in Montreal from November 11 to 15, 2024, the Muse 2024 was awarded to recognize the exceptional commitment of intern supervisors at the Prix MUSE ceremony. These inspiring individuals have guided trainees with passion and professionalism, passing on valuable knowledge throughout their time <a href=\"https:\/\/www.linkedin.com\/company\/ciusss-centre-sud-de-l%27%C3%AEle-de-montr%C3%A9al\/\">CIUSSS du Centre-Sud-de-l&#8217;\u00cele-de-Montr\u00e9al<\/a>.<\/p>\n<p>&nbsp;<\/p>\n<h5>Recipient of the \u201cEffet recherche | Muse 2024\u201d award:<\/h5>\n<\/div>\n<h3><a href=\"https:\/\/crir.ca\/en\/member\/2949\/\" target=\"_blank\" rel=\"noopener\">INGRID VERDUYCKT<\/a><\/h3>\n<p>Associate Professor, School of Speech-Language Pathology and Audiology, Universit\u00e9 de Montr\u00e9al;<br \/>\nRegular Researcher, CRIR &#8211; Institut universitaire sur la r\u00e9adaptation en d\u00e9ficience physique de Montr\u00e9al (IURDPM), CIUSSS Centre-Sud-de-l&#8217;\u00cele-de-Montr\u00e9al<\/p>\n<div>\n<p>The CRIR research community is proud of Ingrid&#8217;s hard work, passion and commitment to the student community.<\/p>\n<p>Congratulations Ingrid on this award!<\/p>\n<div class=\"highlight-box\">\n<p><strong><span style=\"color: var(--color-black); background-color: var(--color-bg-2); font-size: 0.9em;\">View the CIUSSS du Centre-Sud-de-l&#8217;\u00cele-de-Montr\u00e9al &#8211; Enseignement et recherche announcement on their <\/span><\/strong><a style=\"background-color: var(--color-bg-2); font-size: 0.9em;\" href=\"https:\/\/www.linkedin.com\/feed\/update\/urn:li:activity:7263214560587792385\/\" target=\"_blank\" rel=\"noopener\">LinkedIn page.<\/a><\/p>\n<\/div>\n<\/div>\n<div><\/div>\n<div>\n<p><span style=\"color: var(--color-black); font-size: 0.9em;\">__________<\/span><span style=\"color: var(--color-black); font-size: 0.9em;\">___________<\/span><\/p>\n<\/div>\n<p>CRIR | 20 novembre 2024<\/p>\n","protected":false},"excerpt":{"rendered":"<p>Muse 2024 Award | DEUR University Mission Week at CIUSSS du Centre-Sud-de-l&#8217;\u00cele-de-Montr\u00e9al As part of CIUSSS du Centre-Sud-de-l&#8217;\u00cele-de-Montr\u00e9al&#8217;s (CCSMTL) University Mission Week, held in Montreal from November 11 to 15, 2024, the Muse 2024 was awarded to recognize the exceptional&#8230;<br \/><a href=\"https:\/\/crir.ca\/en\/ingrid-verduyckt-laureate-du-prix-effet-recherche-prix-muse-2024-du-ciusss-du-centre-sud-de-lile-de-montreal\/\" class=\"read-more btn\">Read more <span class=\"sr-only\">about Ingrid Verduyckt \u2013 Winner of the CIUSSS du Centre-Sud-de-l&#8217;\u00cele-de-Montr\u00e9al \u201cEffet recherche | Muse 2024\u201d Award<\/span><\/a><\/p>\n","protected":false},"author":23,"featured_media":18372,"comment_status":"closed","ping_status":"open","sticky":false,"template":"","format":"standard","meta":{"_acf_changed":false,"footnotes":""},"categories":[144,4],"tags":[],"class_list":["post-25166","post","type-post","status-publish","format-standard","has-post-thumbnail","hentry","category-medias-en","category-uncategorized"],"acf":[],"_links":{"self":[{"href":"https:\/\/crir.ca\/en\/wp-json\/wp\/v2\/posts\/25166","targetHints":{"allow":["GET"]}}],"collection":[{"href":"https:\/\/crir.ca\/en\/wp-json\/wp\/v2\/posts"}],"about":[{"href":"https:\/\/crir.ca\/en\/wp-json\/wp\/v2\/types\/post"}],"author":[{"embeddable":true,"href":"https:\/\/crir.ca\/en\/wp-json\/wp\/v2\/users\/23"}],"replies":[{"embeddable":true,"href":"https:\/\/crir.ca\/en\/wp-json\/wp\/v2\/comments?post=25166"}],"version-history":[{"count":6,"href":"https:\/\/crir.ca\/en\/wp-json\/wp\/v2\/posts\/25166\/revisions"}],"predecessor-version":[{"id":25266,"href":"https:\/\/crir.ca\/en\/wp-json\/wp\/v2\/posts\/25166\/revisions\/25266"}],"wp:featuredmedia":[{"embeddable":true,"href":"https:\/\/crir.ca\/en\/wp-json\/wp\/v2\/media\/18372"}],"wp:attachment":[{"href":"https:\/\/crir.ca\/en\/wp-json\/wp\/v2\/media?parent=25166"}],"wp:term":[{"taxonomy":"category","embeddable":true,"href":"https:\/\/crir.ca\/en\/wp-json\/wp\/v2\/categories?post=25166"},{"taxonomy":"post_tag","embeddable":true,"href":"https:\/\/crir.ca\/en\/wp-json\/wp\/v2\/tags?post=25166"}],"curies":[{"name":"wp","href":"https:\/\/api.w.org\/{rel}","templated":true}]}}