{"id":25871,"date":"2025-03-07T11:27:20","date_gmt":"2025-03-07T16:27:20","guid":{"rendered":"https:\/\/crir.ca\/lancement-du-laboratoire-de-recherche-sur-le-braille-de-la-chercheuse-natalina-martiniello-ph-d-sur-facebook\/"},"modified":"2025-04-18T08:41:55","modified_gmt":"2025-04-18T12:41:55","slug":"lancement-du-laboratoire-de-recherche-sur-le-braille-de-la-chercheuse-natalina-martiniello-ph-d-sur-facebook","status":"publish","type":"post","link":"https:\/\/crir.ca\/en\/lancement-du-laboratoire-de-recherche-sur-le-braille-de-la-chercheuse-natalina-martiniello-ph-d-sur-facebook\/","title":{"rendered":"Dr. Natalina Martiniello&#8217;s Braille research lab launched on Facebook!"},"content":{"rendered":"<p>Last January, assistant professor at the\u00a0\u00c9cole d\u2019optom\u00e9trie of Universit\u00e9 de Montr\u00e9al\u00a0 and\u00a0researcher CRIR-INLB and CRIR-LLMRC,\u00a0<a href=\"https:\/\/crir.ca\/en\/member\/natalina-martiniello-ph-d-cvrt\/\">Natalina Martiniello, PhD<\/a>,\u00a0launched her <strong>Martiniello Braille Research Lab<\/strong>, aimed at advancing Braille research, accessibility and social inclusion for people who are blind or have low vision.<\/p>\n<p>You can already follow her newly published\u00a0<a href=\"https:\/\/can01.safelinks.protection.outlook.com\/?url=https%3A%2F%2Finlb.us7.list-manage.com%2Ftrack%2Fclick%3Fu%3D0725822899e18906b14162607%26id%3Dc9ab46ad21%26e%3D760862e0ec&amp;data=05%7C02%7Ccbibeau.crir%40ssss.gouv.qc.ca%7Cd7401777b4c342a709ea08dd4b55dabc%7C06e1fe285f8b4075bf6cae24be1a7992%7C0%7C0%7C638749554301304356%7CUnknown%7CTWFpbGZsb3d8eyJFbXB0eU1hcGkiOnRydWUsIlYiOiIwLjAuMDAwMCIsIlAiOiJXaW4zMiIsIkFOIjoiTWFpbCIsIldUIjoyfQ%3D%3D%7C0%7C%7C%7C&amp;sdata=ZBuIRzElQvwzbIT5iR8bNTNYue8zS4u2XBHV5j57mlU%3D&amp;reserved=0\">Facebook page<\/a>\u00a0and stay tuned for more student opportunities.<\/p>\n<p>&nbsp;<\/p>\n<p>&nbsp;<\/p>\n<div class=\"highlight-box\"><strong>See and follow the Facebook page\u00a0<a href=\"https:\/\/www.facebook.com\/profile.php?id=61571645066694\">here<\/a>.<\/strong><\/div>\n<p>&nbsp;<\/p>\n<p>Source:\u00a0<a href=\"https:\/\/mailchi.mp\/ssss.gouv.qc.ca\/infolettre_nouvelles_vision_vol8_no2_fevrier_2025?e=760862e0ec\">Institut Nazareth et Louis-Braille Newsletter<\/a>\u00a0&#8211; Vol. 8, No. 2 February 2025.<\/p>\n","protected":false},"excerpt":{"rendered":"<p>Last January, assistant professor at the\u00a0\u00c9cole d\u2019optom\u00e9trie of Universit\u00e9 de Montr\u00e9al\u00a0 and\u00a0researcher CRIR-INLB and CRIR-LLMRC,\u00a0Natalina Martiniello, PhD,\u00a0launched her Martiniello Braille Research Lab, aimed at advancing Braille research, accessibility and social inclusion for people who are blind or have low vision&#8230;.<br \/><a href=\"https:\/\/crir.ca\/en\/lancement-du-laboratoire-de-recherche-sur-le-braille-de-la-chercheuse-natalina-martiniello-ph-d-sur-facebook\/\" class=\"read-more btn\">Read more <span class=\"sr-only\">about Dr. Natalina Martiniello&#8217;s Braille research lab launched on Facebook!<\/span><\/a><\/p>\n","protected":false},"author":23,"featured_media":25758,"comment_status":"closed","ping_status":"open","sticky":false,"template":"","format":"standard","meta":{"_acf_changed":false,"footnotes":""},"categories":[144],"tags":[],"class_list":["post-25871","post","type-post","status-publish","format-standard","has-post-thumbnail","hentry","category-medias-en"],"acf":[],"_links":{"self":[{"href":"https:\/\/crir.ca\/en\/wp-json\/wp\/v2\/posts\/25871","targetHints":{"allow":["GET"]}}],"collection":[{"href":"https:\/\/crir.ca\/en\/wp-json\/wp\/v2\/posts"}],"about":[{"href":"https:\/\/crir.ca\/en\/wp-json\/wp\/v2\/types\/post"}],"author":[{"embeddable":true,"href":"https:\/\/crir.ca\/en\/wp-json\/wp\/v2\/users\/23"}],"replies":[{"embeddable":true,"href":"https:\/\/crir.ca\/en\/wp-json\/wp\/v2\/comments?post=25871"}],"version-history":[{"count":5,"href":"https:\/\/crir.ca\/en\/wp-json\/wp\/v2\/posts\/25871\/revisions"}],"predecessor-version":[{"id":26407,"href":"https:\/\/crir.ca\/en\/wp-json\/wp\/v2\/posts\/25871\/revisions\/26407"}],"wp:featuredmedia":[{"embeddable":true,"href":"https:\/\/crir.ca\/en\/wp-json\/wp\/v2\/media\/25758"}],"wp:attachment":[{"href":"https:\/\/crir.ca\/en\/wp-json\/wp\/v2\/media?parent=25871"}],"wp:term":[{"taxonomy":"category","embeddable":true,"href":"https:\/\/crir.ca\/en\/wp-json\/wp\/v2\/categories?post=25871"},{"taxonomy":"post_tag","embeddable":true,"href":"https:\/\/crir.ca\/en\/wp-json\/wp\/v2\/tags?post=25871"}],"curies":[{"name":"wp","href":"https:\/\/api.w.org\/{rel}","templated":true}]}}