{"id":26777,"date":"2025-06-06T10:33:57","date_gmt":"2025-06-06T14:33:57","guid":{"rendered":"https:\/\/crir.ca\/offre-demploi-assistante-ou-assistant-de-recherche-ciusss-du-centre-ouest-de-lile-de-montreal\/"},"modified":"2025-06-06T11:46:08","modified_gmt":"2025-06-06T15:46:08","slug":"offre-demploi-assistante-ou-assistant-de-recherche-ciusss-du-centre-ouest-de-lile-de-montreal","status":"publish","type":"post","link":"https:\/\/crir.ca\/en\/offre-demploi-assistante-ou-assistant-de-recherche-ciusss-du-centre-ouest-de-lile-de-montreal\/","title":{"rendered":"Offre d&#8217;emploi : Assistante ou assistant de recherche | CIUSSS-du-Centre-Ouest-de-l&#8217;\u00cele-de-Montr\u00e9al"},"content":{"rendered":"<p><span style=\"font-size: 0.9em;\">Imaginez un milieu o\u00f9 votre perspective unique enrichit chaque discussion, o\u00f9 vos id\u00e9es trouvent \u00e9cho aupr\u00e8s de coll\u00e8gues engag\u00e9s. Au CIUSSS du Centre-Ouest-de-l\u2019\u00cele-de-Montr\u00e9al, nous cr\u00e9ons ensemble un environnement o\u00f9 tout le monde peut s\u2019\u00e9panouir, apprendre et contribuer \u00e0 sa fa\u00e7on. Et au travers des d\u00e9fis du quotidien, c\u2019est notre force collective qui fait la diff\u00e9rence.<\/span><\/p>\n<article class=\"article article--details \">\n<div class=\"article__content\">\n<div class=\"article__content__view\">\n<div class=\"article__content__view__field tf_replaceFieldVideoTokens\">\n<div class=\"article__content__view__field__value\">\n<h3 data-start=\"856\" data-end=\"892\"><strong data-start=\"860\" data-end=\"892\">Les principales responsabilit\u00e9s<\/strong><\/h3>\n<p data-start=\"894\" data-end=\"1528\">Dans le cadre de sa mission universitaire, le CIUSSS du Centre-Ouest-de-l\u2019\u00cele-de-Montr\u00e9al, par l\u2019interm\u00e9diaire de la Direction des affaires acad\u00e9miques et de l\u2019\u00e9thique de la recherche (DAAER), soutient l\u2019avancement des connaissances en sant\u00e9 et en sciences sociales par l\u2019excellence en recherche, en enseignement et en innovation.<br data-start=\"1224\" data-end=\"1227\" \/>Nous collaborons \u00e9troitement avec la Direction de la r\u00e9adaptation et des services multidisciplinaires (DRSM) et le comit\u00e9 des usagers du Lethbridge-Layton-Mackay, et nous sommes fiers d\u2019\u00eatre membres fondateurs du Centre de recherche interdisciplinaire en r\u00e9adaptation du Montr\u00e9al m\u00e9tropolitain (CRIR).<\/p>\n<p data-start=\"259\" data-end=\"457\">En int\u00e9grant notre \u00e9quipe dans ce r\u00f4le cl\u00e9 au sein de l\u2019\u00e9cosyst\u00e8me de soins de sant\u00e9, vos talents seront mis \u00e0 contribution, notamment en soutien \u00e0 la cheffe d\u2019\u00e9quipe, dans les activit\u00e9s suivantes :<\/p>\n<ul data-start=\"459\" data-end=\"1296\">\n<li data-start=\"459\" data-end=\"668\">\n<p data-start=\"461\" data-end=\"668\">Contribuer \u00e0 la<span class=\"Apple-converted-space\">\u00a0<\/span><strong data-start=\"477\" data-end=\"501\">revue de litt\u00e9rature<\/strong><span class=\"Apple-converted-space\">\u00a0<\/span>sur les meilleures pratiques, pratiques prometteuses ou recommandations : \u00e9laboration d\u2019une strat\u00e9gie de recherche, extraction des donn\u00e9es et synth\u00e8se des r\u00e9sultats<\/p>\n<\/li>\n<li data-start=\"669\" data-end=\"880\">\n<p data-start=\"671\" data-end=\"880\">Participer au<span class=\"Apple-converted-space\">\u00a0<\/span><strong data-start=\"685\" data-end=\"743\">scan environnemental et aux consultations d\u2019expert\u00b7e\u00b7s<\/strong><span class=\"Apple-converted-space\">\u00a0<\/span>: d\u00e9finition de la strat\u00e9gie de collecte de donn\u00e9es, d\u00e9veloppement des outils, collecte et analyse des donn\u00e9es, synth\u00e8se des r\u00e9sultats<\/p>\n<\/li>\n<li data-start=\"881\" data-end=\"1081\">\n<p data-start=\"883\" data-end=\"1081\">Appuyer la r\u00e9alisation d\u2019<strong data-start=\"908\" data-end=\"952\">activit\u00e9s de transfert des connaissances<\/strong>, telles que la r\u00e9daction de rapports synth\u00e8ses ou la cr\u00e9ation d\u2019infographies, incluant la mise en page visuelle et la r\u00e9vision<\/p>\n<\/li>\n<li data-start=\"1082\" data-end=\"1229\">\n<p data-start=\"1084\" data-end=\"1229\">Offrir un<span class=\"Apple-converted-space\">\u00a0<\/span><strong data-start=\"1094\" data-end=\"1116\">soutien logistique<\/strong><span class=\"Apple-converted-space\">\u00a0<\/span>: coordination de rencontres, r\u00e9daction de comptes rendus, pr\u00e9paration de tableaux et d\u2019autres outils de suivi<\/p>\n<\/li>\n<li data-start=\"1230\" data-end=\"1296\">\n<p data-start=\"1232\" data-end=\"1296\">Accomplir<span class=\"Apple-converted-space\">\u00a0<\/span><strong data-start=\"1242\" data-end=\"1271\">toute autre t\u00e2che connexe<\/strong><span class=\"Apple-converted-space\">\u00a0<\/span>li\u00e9e au mandat du projet<\/p>\n<\/li>\n<\/ul>\n<div>\n<h3 data-start=\"79\" data-end=\"102\"><strong data-start=\"83\" data-end=\"102\">Terme du mandat<\/strong><\/h3>\n<p data-start=\"104\" data-end=\"279\">Ce poste temporaire \u00e0 temps partiel (entre 7 et 10 heures par semaine) est offert jusqu\u2019au<span class=\"Apple-converted-space\">\u00a0<\/span><strong data-start=\"195\" data-end=\"211\">31 mars 2026<\/strong>, avec un horaire variable \u00e0 convenir selon les besoins du projet. La personne doit \u00eatre disponible \u00e0 travailler en pr\u00e9sentiel au Centre de r\u00e9adaptation Lethbridge-Layton-Mackay.<\/p>\n<p data-start=\"281\" data-end=\"413\"><strong data-start=\"281\" data-end=\"292\">\u00c0 noter<\/strong><span class=\"Apple-converted-space\">\u00a0<\/span>: L\u2019affichage s\u2019adresse aux employ\u00e9\u00b7e\u00b7s de Sant\u00e9 Qu\u00e9bec, mais est \u00e9galement accessible aux \u00e9tudiant\u00b7e\u00b7s.<\/p>\n<\/div>\n<\/div>\n<\/div>\n<\/div>\n<\/div>\n<\/article>\n<article class=\"article article--details \">\n<div class=\"article__header \">\n<div class=\"article__header__text\">\n<h3 class=\"article__header__text__title title title--04\">Exigences<\/h3>\n<\/div>\n<\/div>\n<div class=\"article__content\">\n<div class=\"article__content__view\">\n<div class=\"article__content__view__field \">\n<div class=\"article__content__view__field__value\">\n<p data-start=\"110\" data-end=\"133\"><strong data-start=\"110\" data-end=\"131\">Requis essentiels<\/strong><\/p>\n<ul data-start=\"134\" data-end=\"469\">\n<li data-start=\"134\" data-end=\"207\">\n<p data-start=\"136\" data-end=\"207\">Avoir un minimum d\u2019une (1) ann\u00e9e d\u2019exp\u00e9rience dans un poste similaire<\/p>\n<\/li>\n<li data-start=\"208\" data-end=\"277\">\n<p data-start=\"210\" data-end=\"277\">Excellente ma\u00eetrise du fran\u00e7ais et de l\u2019anglais, parl\u00e9s et \u00e9crits*<\/p>\n<\/li>\n<li data-start=\"278\" data-end=\"309\">\n<p data-start=\"280\" data-end=\"309\">Ma\u00eetrise de la Suite Office*<\/p>\n<\/li>\n<li data-start=\"310\" data-end=\"368\">\n<p data-start=\"312\" data-end=\"368\">Bonne compr\u00e9hension des bases de donn\u00e9es documentaires<\/p>\n<\/li>\n<li data-start=\"369\" data-end=\"469\">\n<p data-start=\"371\" data-end=\"469\">\u00catre disponible pour travailler en pr\u00e9sentiel au Centre de r\u00e9adaptation Lethbridge-Layton-Mackay<\/p>\n<\/li>\n<\/ul>\n<p><em>*Des tests pourront \u00eatre administr\u00e9s.\u00a0<\/em><\/p>\n<p data-start=\"471\" data-end=\"496\"><strong data-start=\"471\" data-end=\"494\">Atouts souhaitables<\/strong><\/p>\n<ul data-start=\"497\" data-end=\"750\">\n<li data-start=\"497\" data-end=\"567\">\n<p data-start=\"499\" data-end=\"567\">Exp\u00e9rience dans le r\u00e9seau de la sant\u00e9 et\/ou en milieu de recherche<\/p>\n<\/li>\n<li data-start=\"568\" data-end=\"686\">\n<p data-start=\"570\" data-end=\"686\">Dipl\u00f4me universitaire de 1er cycle en sciences sociales, sciences de la sant\u00e9 ou toute autre discipline pertinente<\/p>\n<\/li>\n<li data-start=\"687\" data-end=\"750\">\n<p data-start=\"689\" data-end=\"750\">Ma\u00eetrise de logiciels d\u2019analyse quantitative ou qualitative<\/p>\n<\/li>\n<\/ul>\n<p data-start=\"752\" data-end=\"950\"><em data-start=\"752\" data-end=\"950\">La section \u00ab Atouts souhaitables \u00bb pr\u00e9sente les comp\u00e9tences et connaissances souhaitables pour faciliter l\u2019entr\u00e9e en poste, et nous vous invitons \u00e0 postuler m\u00eame si vous ne les d\u00e9tenez pas toutes.<\/em><\/p>\n<h3 data-start=\"160\" data-end=\"184\"><strong data-start=\"164\" data-end=\"184\">Comp\u00e9tences cl\u00e9s<\/strong><\/h3>\n<p data-start=\"186\" data-end=\"339\"><strong data-start=\"186\" data-end=\"229\">R\u00e9daction scientifique et vulgarisation<\/strong><span class=\"Apple-converted-space\">\u00a0<\/span>: Communiquer des contenus complexes de fa\u00e7on claire, structur\u00e9e et accessible, tant \u00e0 l\u2019\u00e9crit qu\u2019\u00e0 l\u2019oral.<\/p>\n<p data-start=\"341\" data-end=\"506\"><strong data-start=\"341\" data-end=\"385\">Capacit\u00e9 de synth\u00e8se et esprit d\u2019analyse<\/strong><span class=\"Apple-converted-space\">\u00a0<\/span>: Extraire l\u2019essentiel d\u2019une grande quantit\u00e9 d\u2019information et pr\u00e9senter les r\u00e9sultats de mani\u00e8re concise et coh\u00e9rente.<\/p>\n<p data-start=\"508\" data-end=\"681\"><strong data-start=\"508\" data-end=\"559\">Adaptabilit\u00e9 et compr\u00e9hension organisationnelle<\/strong><span class=\"Apple-converted-space\">\u00a0<\/span>: S\u2019ajuster avec souplesse aux besoins changeants tout en tenant compte des r\u00e9alit\u00e9s d\u2019un environnement institutionnel.<\/p>\n<p data-start=\"683\" data-end=\"850\"><strong data-start=\"683\" data-end=\"720\">Rigueur et sens de l\u2019organisation<\/strong><span class=\"Apple-converted-space\">\u00a0<\/span>: G\u00e9rer efficacement les t\u00e2ches multiples, faire preuve d\u2019autonomie et maintenir une qualit\u00e9 constante dans le travail r\u00e9alis\u00e9.<\/p>\n<p data-start=\"852\" data-end=\"1032\"><strong data-start=\"852\" data-end=\"900\">Collaboration et relations interpersonnelles<\/strong><span class=\"Apple-converted-space\">\u00a0<\/span>: Travailler de fa\u00e7on constructive avec diff\u00e9rents intervenant\u00b7e\u00b7s, en favorisant un climat de respect, d\u2019\u00e9coute et de coop\u00e9ration.<\/p>\n<div>\n<h3 data-start=\"151\" data-end=\"178\"><strong data-start=\"155\" data-end=\"178\">Ce que nous offrons<\/strong><\/h3>\n<ul data-start=\"180\" data-end=\"658\">\n<li data-start=\"180\" data-end=\"261\">\n<p data-start=\"182\" data-end=\"261\"><span style=\"font-size: small;\"><strong data-start=\"182\" data-end=\"206\">Assurance collective<\/strong><span class=\"Apple-converted-space\">\u00a0<\/span>: Une protection compl\u00e8te et adapt\u00e9e \u00e0 votre r\u00e9alit\u00e9<\/span><\/p>\n<\/li>\n<li data-start=\"262\" data-end=\"357\">\n<p data-start=\"264\" data-end=\"357\"><span style=\"font-size: small;\"><strong data-start=\"264\" data-end=\"286\">R\u00e9gime de retraite<\/strong><span class=\"Apple-converted-space\">\u00a0<\/span>: B\u00e2tissez votre avenir d\u00e8s aujourd\u2019hui gr\u00e2ce \u00e0 un r\u00e9gime avantageux<\/span><\/p>\n<\/li>\n<li data-start=\"358\" data-end=\"470\">\n<p data-start=\"360\" data-end=\"470\"><span style=\"font-size: small;\"><strong data-start=\"360\" data-end=\"391\">Temps de repos et bien-\u00eatre<\/strong><span class=\"Apple-converted-space\">\u00a0<\/span>: Vacances, cong\u00e9s f\u00e9ri\u00e9s et journ\u00e9es de maladie selon votre statut d\u2019emploi<\/span><\/p>\n<\/li>\n<li data-start=\"471\" data-end=\"567\">\n<p data-start=\"473\" data-end=\"567\"><span style=\"font-size: small;\"><strong data-start=\"473\" data-end=\"495\">Avantages employ\u00e9s<\/strong><span class=\"Apple-converted-space\">\u00a0<\/span>: Acc\u00e8s \u00e0 une vari\u00e9t\u00e9 d\u2019offres promotionnelles et de rabais exclusifs<\/span><\/p>\n<\/li>\n<li data-start=\"568\" data-end=\"658\">\n<p data-start=\"570\" data-end=\"658\"><span style=\"font-size: small;\"><strong data-start=\"570\" data-end=\"587\">Accessibilit\u00e9<\/strong><span class=\"Apple-converted-space\">\u00a0<\/span>: Emplacement pratique, facilement accessible en transport en commun<\/span><\/p>\n<\/li>\n<\/ul>\n<\/div>\n<\/div>\n<\/div>\n<\/div>\n<\/div>\n<\/article>\n<div class=\"article__header__text\"><\/div>\n<div class=\"highlight-box\"><span style=\"color: #ff0000;\">Autres d\u00e9tails et annonce originale en suivant ce lien :<\/span> <a href=\"https:\/\/ciusss.avature.net\/fr_CA\/careers\/JobDetail\/3196#\" target=\"_blank\" rel=\"noopener\">https:\/\/ciusss.avature.net\/fr_CA\/careers\/JobDetail\/3196#<\/a><\/div>\n<div><\/div>\n","protected":false},"excerpt":{"rendered":"<p>Imaginez un milieu o\u00f9 votre perspective unique enrichit chaque discussion, o\u00f9 vos id\u00e9es trouvent \u00e9cho aupr\u00e8s de coll\u00e8gues engag\u00e9s. Au CIUSSS du Centre-Ouest-de-l\u2019\u00cele-de-Montr\u00e9al, nous cr\u00e9ons ensemble un environnement o\u00f9 tout le monde peut s\u2019\u00e9panouir, apprendre et contribuer \u00e0 sa fa\u00e7on&#8230;.<br \/><a href=\"https:\/\/crir.ca\/en\/offre-demploi-assistante-ou-assistant-de-recherche-ciusss-du-centre-ouest-de-lile-de-montreal\/\" class=\"read-more btn\">Read more <span class=\"sr-only\">about Offre d&#8217;emploi : Assistante ou assistant de recherche | CIUSSS-du-Centre-Ouest-de-l&#8217;\u00cele-de-Montr\u00e9al<\/span><\/a><\/p>\n","protected":false},"author":23,"featured_media":18398,"comment_status":"closed","ping_status":"open","sticky":false,"template":"","format":"standard","meta":{"_acf_changed":false,"footnotes":""},"categories":[184],"tags":[],"class_list":["post-26777","post","type-post","status-publish","format-standard","has-post-thumbnail","hentry","category-jobs-and-internships"],"acf":[],"_links":{"self":[{"href":"https:\/\/crir.ca\/en\/wp-json\/wp\/v2\/posts\/26777","targetHints":{"allow":["GET"]}}],"collection":[{"href":"https:\/\/crir.ca\/en\/wp-json\/wp\/v2\/posts"}],"about":[{"href":"https:\/\/crir.ca\/en\/wp-json\/wp\/v2\/types\/post"}],"author":[{"embeddable":true,"href":"https:\/\/crir.ca\/en\/wp-json\/wp\/v2\/users\/23"}],"replies":[{"embeddable":true,"href":"https:\/\/crir.ca\/en\/wp-json\/wp\/v2\/comments?post=26777"}],"version-history":[{"count":2,"href":"https:\/\/crir.ca\/en\/wp-json\/wp\/v2\/posts\/26777\/revisions"}],"predecessor-version":[{"id":26779,"href":"https:\/\/crir.ca\/en\/wp-json\/wp\/v2\/posts\/26777\/revisions\/26779"}],"wp:featuredmedia":[{"embeddable":true,"href":"https:\/\/crir.ca\/en\/wp-json\/wp\/v2\/media\/18398"}],"wp:attachment":[{"href":"https:\/\/crir.ca\/en\/wp-json\/wp\/v2\/media?parent=26777"}],"wp:term":[{"taxonomy":"category","embeddable":true,"href":"https:\/\/crir.ca\/en\/wp-json\/wp\/v2\/categories?post=26777"},{"taxonomy":"post_tag","embeddable":true,"href":"https:\/\/crir.ca\/en\/wp-json\/wp\/v2\/tags?post=26777"}],"curies":[{"name":"wp","href":"https:\/\/api.w.org\/{rel}","templated":true}]}}