{"id":27191,"date":"2025-09-03T11:49:41","date_gmt":"2025-09-03T15:49:41","guid":{"rendered":"https:\/\/crir.ca\/crir-appel-a-la-candidature-responsable-de-laxe-2-du-crir\/"},"modified":"2025-09-05T11:35:22","modified_gmt":"2025-09-05T15:35:22","slug":"crir-appel-a-la-candidature-responsable-de-laxe-2-du-crir","status":"publish","type":"post","link":"https:\/\/crir.ca\/en\/crir-appel-a-la-candidature-responsable-de-laxe-2-du-crir\/","title":{"rendered":"CRIR \u2013 Appel \u00e0 la candidature : Responsable de l\u2019axe 2 du CRIR"},"content":{"rendered":"<div class=\"highlight-box\">\n<p><strong>Aux chercheurs du CRIR de l\u2019Axe 2<br \/>\n<\/strong><a href=\"https:\/\/can01.safelinks.protection.outlook.com\/?url=https%3A%2F%2Fcrir.ca%2Frecherche%2Faxes-et-unites-thematiques%2Faxe-2%2F&amp;data=04%7C01%7Cbfillion.crir%40ssss.gouv.qc.ca%7Ccc4973753e4744a4c1d508d9eb17eade%7C06e1fe285f8b4075bf6cae24be1a7992%7C0%7C0%7C637799310214330135%7CUnknown%7CTWFpbGZsb3d8eyJWIjoiMC4wLjAwMDAiLCJQIjoiV2luMzIiLCJBTiI6Ik1haWwiLCJXVCI6Mn0%3D%7C3000&amp;sdata=uXJAniQvh%2BkB2mtqu%2FACavbZY6c7J4LxWQqArsphBgU%3D&amp;reserved=0\"><strong>Participation, inclusion sociale et services de r\u00e9adaptation<\/strong><\/a><\/p>\n<\/div>\n<h1><\/h1>\n<h1><img loading=\"lazy\" decoding=\"async\" class=\"alignnone wp-image-19856\" src=\"https:\/\/crir.ca\/wp-content\/uploads\/2023\/05\/Le-CRIR-recrute_cible_jpeg-300x74.jpg\" alt=\"\" width=\"377\" height=\"93\" srcset=\"https:\/\/crir.ca\/wp-content\/uploads\/2023\/05\/Le-CRIR-recrute_cible_jpeg-300x74.jpg 300w, https:\/\/crir.ca\/wp-content\/uploads\/2023\/05\/Le-CRIR-recrute_cible_jpeg-24x6.jpg 24w, https:\/\/crir.ca\/wp-content\/uploads\/2023\/05\/Le-CRIR-recrute_cible_jpeg-36x9.jpg 36w, https:\/\/crir.ca\/wp-content\/uploads\/2023\/05\/Le-CRIR-recrute_cible_jpeg-48x12.jpg 48w, https:\/\/crir.ca\/wp-content\/uploads\/2023\/05\/Le-CRIR-recrute_cible_jpeg.jpg 636w\" sizes=\"auto, (max-width: 377px) 100vw, 377px\" \/><\/h1>\n<p>&nbsp;<\/p>\n<h2>EN BREF<\/h2>\n<p>Nous sommes \u00e0 la recherche d\u2019une nouvelle personne <strong>responsable de l\u2019axe 2<\/strong>, impliqu\u00e9e dans l\u2019<strong>unit\u00e9 th\u00e9matique 1:<\/strong> <a href=\"https:\/\/crir.ca\/en\/research\/axes-and-thematic-units\/axis-2\/\">Personnes, proches et communaut\u00e9<\/a>. Il s\u2019agit d\u2019un r\u00f4le crucial pour la vie scientifique de notre Centre, qui vous donne l\u2019occasion d\u2019\u00eatre aux premi\u00e8re loges des d\u00e9cisions et orientations scientifiques. Vous exercerez ce r\u00f4le au sein d\u2019une \u00e9quipe avec trois autres chercheuses.<\/p>\n<p>Le CRIR comprend deux axes principaux de recherche :<\/p>\n<ul>\n<li><a href=\"https:\/\/can01.safelinks.protection.outlook.com\/?url=https%3A%2F%2Fcrir.ca%2Frecherche%2Faxes-et-unites-thematiques%2Faxe-1%2F&amp;data=04%7C01%7Cbfillion.crir%40ssss.gouv.qc.ca%7Ccc4973753e4744a4c1d508d9eb17eade%7C06e1fe285f8b4075bf6cae24be1a7992%7C0%7C0%7C637799310214330135%7CUnknown%7CTWFpbGZsb3d8eyJWIjoiMC4wLjAwMDAiLCJQIjoiV2luMzIiLCJBTiI6Ik1haWwiLCJXVCI6Mn0%3D%7C3000&amp;sdata=MJu78M%2Fg0l2B3HKFo2pCOlUafMZgXiF2r%2F3dmZMTfWs%3D&amp;reserved=0\"><u>Axe 1 : Fonctions et activit\u00e9s sensorielles, motrices et cognitives<\/u><\/a><\/li>\n<li><a href=\"https:\/\/can01.safelinks.protection.outlook.com\/?url=https%3A%2F%2Fcrir.ca%2Frecherche%2Faxes-et-unites-thematiques%2Faxe-2%2F&amp;data=04%7C01%7Cbfillion.crir%40ssss.gouv.qc.ca%7Ccc4973753e4744a4c1d508d9eb17eade%7C06e1fe285f8b4075bf6cae24be1a7992%7C0%7C0%7C637799310214330135%7CUnknown%7CTWFpbGZsb3d8eyJWIjoiMC4wLjAwMDAiLCJQIjoiV2luMzIiLCJBTiI6Ik1haWwiLCJXVCI6Mn0%3D%7C3000&amp;sdata=uXJAniQvh%2BkB2mtqu%2FACavbZY6c7J4LxWQqArsphBgU%3D&amp;reserved=0\"><strong><u>Axe\u00a02 : Participation, inclusion sociale et services de r\u00e9adaptation<\/u><\/strong><\/a><\/li>\n<\/ul>\n<p>En savoir plus sur les axes et les unit\u00e9s th\u00e9matiques : <a href=\"https:\/\/crir.ca\/en\/research\/axes-and-thematic-units\/\">https:\/\/crir.ca\/recherche\/axes-et-unites-thematiques\/<\/a><\/p>\n<p>&nbsp;<\/p>\n<h2>RESPONSABILIT\u00c9S<\/h2>\n<p>La personne responsable d\u2019axe veille au d\u00e9veloppement des objectifs strat\u00e9giques du CRIR. Notamment\u00a0:<\/p>\n<ul>\n<li>Soutenir la vie scientifique, le d\u00e9veloppement et l\u2019\u00e9volution de la recherche<\/li>\n<li>Appuyer la direction scientifique dans le recrutement de la rel\u00e8ve scientifique en fonction du plan de d\u00e9veloppement du Centre<\/li>\n<li>Promouvoir le maillage scientifique au sein de son axe et entre les axes<\/li>\n<li>Contribuer \u00e0 la r\u00e9daction du plan de d\u00e9veloppement et aux diverses activit\u00e9s de reddition de compte du Centre<\/li>\n<li>Pr\u00e9senter les bilans de la programmation \u00e0 l\u2019assembl\u00e9e g\u00e9n\u00e9rale annuelle, ainsi qu\u2019\u00e0 l\u2019assembl\u00e9e des chercheurs r\u00e9guliers du CRIR<\/li>\n<li>Lorsque n\u00e9cessaire, participer aux rencontres du Comit\u00e9 d\u2019orientation de la recherche<\/li>\n<\/ul>\n<p>Les personnes responsables d\u2019axe et d\u2019unit\u00e9s th\u00e9matiques peuvent compter sur le soutien d\u2019une personne d\u00e9di\u00e9e \u00e0 la coordination des axes pour la r\u00e9alisation de leur mandat.<\/p>\n<p>&nbsp;<\/p>\n<h2>CONDITIONS<\/h2>\n<ul>\n<li>La personne responsable d\u2019axe et d\u2019unit\u00e9 th\u00e9matique doit \u00eatre membre chercheur en r\u00e8gle du CRIR<\/li>\n<li>Le bilinguisme est requis<\/li>\n<li>Mandat de 3 ans (renouvelable)<\/li>\n<\/ul>\n<p>&nbsp;<\/p>\n<h2>POUR POSTULER<\/h2>\n<ul>\n<li>T\u00e9l\u00e9chargez l&#8217;appel \u00e0 la candidature : <a href=\"https:\/\/crir.ca\/wp-content\/uploads\/2025\/09\/20250903_appel-a-la-candidature_resp-axe.pdf\" target=\"_blank\" rel=\"noopener\">PDF &#8211; Appel a\u0300 la candidature_resp axe 2<\/a>\u00a0 \u00a0|\u00a0 \u00a0<a style=\"font-size: 0.9em;\" href=\"https:\/\/crir.ca\/wp-content\/uploads\/2025\/09\/20250903_appel-a-la-candidature_resp-axe.docx\" target=\"_blank\" rel=\"noopener\">Word &#8211; Appel a\u0300 la candidature_resp axe 2<\/a><\/li>\n<\/ul>\n<ul>\n<li>Les personnes int\u00e9ress\u00e9es sont invit\u00e9es \u00e0 signifier leur motivation en envoyant un court texte \u00e0 <a href=\"mailto:administration.crir@ssss.gouv.qc.ca\"><strong>administration.crir@ssss.gouv.qc.ca<\/strong><\/a>.<\/li>\n<li><span style=\"color: #ff0000;\"><span style=\"color: #000000;\">Date limite pour postuler : <\/span><strong>3 octobre 2025.<\/strong><\/span><\/li>\n<\/ul>\n<div class=\"x_elementToProof\"><span data-olk-copy-source=\"MessageBody\">\u00a0<\/span><\/div>\n<div class=\"x_elementToProof highlight-box\">Pour toute question, n\u2019h\u00e9sitez pas \u00e0 contacter la direction scientifique,\u00a0<u><a id=\"OWA37227dfc-88e6-11ed-1ae6-9d1eeb74ba8c\" class=\"x_OWAAutoLink\" title=\"mailto:philippe.archambault@mcgill.ca\" href=\"mailto:philippe.archambault@mcgill.ca\" data-linkindex=\"4\">philippe.archambault@mcgill.ca<\/a><\/u>\u00a0ou\u00a0<u><a id=\"OWA8c4d188e-dc20-e7f6-d900-f0482fb15f4c\" class=\"x_OWAAutoLink\" title=\"mailto:claudine.auger@umontreal.ca\" href=\"mailto:claudine.auger@umontreal.ca\" data-linkindex=\"5\">claudine.auger@umontreal.ca<\/a><\/u>.<\/div>\n<p>&nbsp;<\/p>\n<p>Dans l\u2019attente de vos candidatures,<\/p>\n<p><strong>La direction scientifique du CRIR\u00a0<\/strong><\/p>\n<p>&nbsp;<\/p>\n<hr \/>\n<h2>REMARQUE<\/h2>\n<p>Le CRIR valorise l\u2019\u00e9quit\u00e9, la diversit\u00e9 et l\u2019inclusion et invite les personnes autochtones, les membres de minorit\u00e9s visibles et ethniques, les femmes et les personnes en situation de handicap \u00e0 pr\u00e9senter leur candidature. Les personnes handicap\u00e9es peuvent \u00e9galement nous faire part de leurs besoins particuliers relativement au processus de s\u00e9lection pour le mandat sollicit\u00e9 afin de faciliter l\u2019\u00e9tude de leur candidature. Nous remercions toutes les personnes de leur int\u00e9r\u00eat pour cette fonction. Toutefois, nous ne communiquerons qu\u2019avec celles dont la candidature sera retenue.<\/p>\n<p>_________________________<\/p>\n<p>CRIR | 3 septembre 2025<\/p>\n","protected":false},"excerpt":{"rendered":"<p>Aux chercheurs du CRIR de l\u2019Axe 2 Participation, inclusion sociale et services de r\u00e9adaptation &nbsp; EN BREF Nous sommes \u00e0 la recherche d\u2019une nouvelle personne responsable de l\u2019axe 2, impliqu\u00e9e dans l\u2019unit\u00e9 th\u00e9matique 1: Personnes, proches et communaut\u00e9. Il s\u2019agit&#8230;<br \/><a href=\"https:\/\/crir.ca\/en\/crir-appel-a-la-candidature-responsable-de-laxe-2-du-crir\/\" class=\"read-more btn\">Read more <span class=\"sr-only\">about CRIR \u2013 Appel \u00e0 la candidature : Responsable de l\u2019axe 2 du CRIR<\/span><\/a><\/p>\n","protected":false},"author":23,"featured_media":15680,"comment_status":"closed","ping_status":"open","sticky":false,"template":"","format":"standard","meta":{"_acf_changed":false,"footnotes":""},"categories":[184],"tags":[],"class_list":["post-27191","post","type-post","status-publish","format-standard","has-post-thumbnail","hentry","category-jobs-and-internships"],"acf":[],"_links":{"self":[{"href":"https:\/\/crir.ca\/en\/wp-json\/wp\/v2\/posts\/27191","targetHints":{"allow":["GET"]}}],"collection":[{"href":"https:\/\/crir.ca\/en\/wp-json\/wp\/v2\/posts"}],"about":[{"href":"https:\/\/crir.ca\/en\/wp-json\/wp\/v2\/types\/post"}],"author":[{"embeddable":true,"href":"https:\/\/crir.ca\/en\/wp-json\/wp\/v2\/users\/23"}],"replies":[{"embeddable":true,"href":"https:\/\/crir.ca\/en\/wp-json\/wp\/v2\/comments?post=27191"}],"version-history":[{"count":12,"href":"https:\/\/crir.ca\/en\/wp-json\/wp\/v2\/posts\/27191\/revisions"}],"predecessor-version":[{"id":27279,"href":"https:\/\/crir.ca\/en\/wp-json\/wp\/v2\/posts\/27191\/revisions\/27279"}],"wp:featuredmedia":[{"embeddable":true,"href":"https:\/\/crir.ca\/en\/wp-json\/wp\/v2\/media\/15680"}],"wp:attachment":[{"href":"https:\/\/crir.ca\/en\/wp-json\/wp\/v2\/media?parent=27191"}],"wp:term":[{"taxonomy":"category","embeddable":true,"href":"https:\/\/crir.ca\/en\/wp-json\/wp\/v2\/categories?post=27191"},{"taxonomy":"post_tag","embeddable":true,"href":"https:\/\/crir.ca\/en\/wp-json\/wp\/v2\/tags?post=27191"}],"curies":[{"name":"wp","href":"https:\/\/api.w.org\/{rel}","templated":true}]}}