{"id":29029,"date":"2026-01-27T09:21:26","date_gmt":"2026-01-27T14:21:26","guid":{"rendered":"https:\/\/crir.ca\/lancement-au-ccsmtl-calendrier-activites-et-ressources-pratiques-pour-les-milieux-cliniques\/"},"modified":"2026-01-27T13:43:31","modified_gmt":"2026-01-27T18:43:31","slug":"lancement-au-ccsmtl-calendrier-activites-et-ressources-pratiques-pour-les-milieux-cliniques","status":"publish","type":"post","link":"https:\/\/crir.ca\/en\/lancement-au-ccsmtl-calendrier-activites-et-ressources-pratiques-pour-les-milieux-cliniques\/","title":{"rendered":"Lancement au CCSMTL : Calendrier &#8211; Activit\u00e9s et ressources pratiques pour les milieux cliniques"},"content":{"rendered":"<p><img loading=\"lazy\" decoding=\"async\" class=\"alignnone wp-image-1154\" src=\"https:\/\/crir.ca\/wp-content\/uploads\/2017\/05\/CIUSSS_Centre_Sud_Montreal.gif\" alt=\"Logo - CIUSSS du Centre-Sud-de-l\u2019\u00cele-de-Montr\u00e9al\" width=\"311\" height=\"174\" \/><\/p>\n<h1>D\u00e9couvrez des\u00a0<strong>activit\u00e9s<\/strong>, des\u00a0<strong>\u00e9v\u00e9nements\u00a0<\/strong>et des<strong>\u00a0outils pratiques<\/strong> d\u00e9velopp\u00e9s par les \u00e9quipes de la Direction de l\u2019enseignement universitaire et de la recherche du <strong>CIUSSS du Centre-Sud-de-l\u2019\u00cele-de-Montr\u00e9al (CCSMTL)<\/strong>.<\/h1>\n<p>&nbsp;<\/p>\n<h1><\/h1>\n<div class=\"highlight-box\">\n<h1>Ces ressources, issues de la recherche, sont con\u00e7ues pour appuyer les \u00e9quipes cliniques et favoriser l\u2019am\u00e9lioration des soins et des services<\/h1>\n<\/div>\n<p>&nbsp;<\/p>\n<p>Lancement &#8211; C&#8217;est le 22 janvier dernier que le CCSMTL a lanc\u00e9 un <strong>calendrier transversal<\/strong> <strong>enti\u00e8rement d\u00e9di\u00e9 \u00e0 la mise en valeur des \u00e9v\u00e9nements, conf\u00e9rences et ressources pratiques destin\u00e9s \u00e0 l\u2019ensemble des milieux cliniques.<\/strong><\/p>\n<p>Ce nouvel outil vous permet de d\u00e9couvrir, en un coup d\u2019\u0153il, les activit\u00e9s propos\u00e9es par les <strong>instituts universitaires<\/strong>, les <strong>centres affili\u00e9s universitaires<\/strong> et les <strong>centres de recherche<\/strong> du CCSMTL.<\/p>\n<p>Vous y trouverez :<\/p>\n<ul>\n<li>les titres des activit\u00e9s;<\/li>\n<li>des tags clairs qui vous permettent de rep\u00e9rer rapidement les sujets;<\/li>\n<li>le nom des organisateurs du CCSMTL derri\u00e8re chaque initiative.<\/li>\n<\/ul>\n<div class=\"highlight-box\">\n<p>\ud83d\udc49 <strong>Explorez d\u00e8s maintenant les activit\u00e9s et ressources pratiques<\/strong> en cliquant sur ce lien :<br \/>\n<a href=\"https:\/\/ccsmtl-mission-universitaire.ca\/fr\/activites-et-ressources-pratiques-pour-les-milieux-cliniques\">https:\/\/ccsmtl-mission-universitaire.ca\/fr\/activites-et-ressources-pratiques-pour-les-milieux-cliniques<\/a><\/p>\n<\/div>\n<p>&nbsp;<\/p>\n<h2><strong><span data-olk-copy-source=\"MessageBody\">\ud83d\udcc5 <\/span><\/strong><strong>Abonnez-vous et restez \u00e0 l\u2019aff\u00fbt!<\/strong><\/h2>\n<p><span style=\"color: #000000;\" data-olk-copy-source=\"MessageBody\">Restez inform\u00e9s directement dans votre agenda, abonnez-vous au calendrier de toutes les activit\u00e9s scientifiques du CCSMTL. <\/span><span style=\"color: #000000;\">Tout le monde peut s\u2019abonner \u00e0<\/span> ce calendrier!<\/p>\n<div><span style=\"color: #000000;\">Ajoutez le <a href=\"https:\/\/ccsmtl-mission-universitaire.ca\/fr\/activites-et-ressources-pratiques-pour-les-milieux-cliniques\" target=\"_blank\" rel=\"noopener\"><strong>calendrier transversal du CCSMTL<\/strong> <\/a>\u00e0 votre agenda pour ne rien manquer des \u00e9v\u00e9nements, conf\u00e9rences et ressources destin\u00e9s aux milieux cliniques.<\/span><\/div>\n<div><\/div>\n<div><img loading=\"lazy\" decoding=\"async\" class=\"alignnone size-medium wp-image-29036\" src=\"https:\/\/crir.ca\/wp-content\/uploads\/2026\/01\/Image_Calendrier-Transversal_Insctruction-300x203.png\" alt=\"\" width=\"300\" height=\"203\" srcset=\"https:\/\/crir.ca\/wp-content\/uploads\/2026\/01\/Image_Calendrier-Transversal_Insctruction-300x203.png 300w, https:\/\/crir.ca\/wp-content\/uploads\/2026\/01\/Image_Calendrier-Transversal_Insctruction-24x16.png 24w, https:\/\/crir.ca\/wp-content\/uploads\/2026\/01\/Image_Calendrier-Transversal_Insctruction-36x24.png 36w, https:\/\/crir.ca\/wp-content\/uploads\/2026\/01\/Image_Calendrier-Transversal_Insctruction-48x33.png 48w, https:\/\/crir.ca\/wp-content\/uploads\/2026\/01\/Image_Calendrier-Transversal_Insctruction.png 595w\" sizes=\"auto, (max-width: 300px) 100vw, 300px\" \/><\/div>\n<div>\n<div class=\"highlight-box\">\n<h5><strong>Instruction pour ajouter ce calendrier \u00e0 votre agenda Outlook.com\u00a0ou Live en suivant les \u00e9tapes ci\u2011dessous :<\/strong><\/h5>\n<ol start=\"1\">\n<li>Ouvrez votre <strong>calendrier Outlook.com<\/strong> dans un navigateur.<\/li>\n<li>Dans le volet de gauche, cliquez sur l\u2019<strong>ic\u00f4ne\u00a0<span role=\"presentation\">Calendrier<\/span>.<\/strong><\/li>\n<li>Dans le panneau suivant, s\u00e9lectionnez\u00a0<strong><span role=\"presentation\">+ Ajouter un calendrier<\/span><\/strong>.<\/li>\n<li>Dans la fen\u00eatre qui s\u2019affiche, choisissez\u00a0<strong><span role=\"presentation\">S\u2019abonner \u00e0 partir du Web<\/span>.<\/strong><\/li>\n<li><strong>Collez cette adresse dans le champ pr\u00e9vu<\/strong> : <a href=\"webcal:\/\/tockify.com\/api\/feeds\/ics\/deur.ccsmtl\" target=\"_blank\" rel=\"noopener\"><span role=\"presentation\">webcal:\/\/tockify.com\/api\/feeds\/ics\/deur.ccsmtl<\/span><\/a><\/li>\n<li>Choisissez <strong>un nom et une couleur pour votre calendrier.<\/strong><\/li>\n<li>Cliquez sur\u00a0<strong><span role=\"presentation\">Importer<\/span> <\/strong>pour finaliser l\u2019ajout.<\/li>\n<\/ol>\n<div><span style=\"color: #000000;\">Ce lien permet d\u2019int\u00e9grer automatiquement le calendrier dans Google Agenda, Outlook, Apple Calendar et plusieurs autres outils compatibles.<\/span><\/div>\n<\/div>\n<\/div>\n<p>&nbsp;<\/p>\n<p>&nbsp;<\/p>\n<p><em>Bonne d\u00e9couverte et au plaisir de vous retrouver dans l\u2019une des activit\u00e9s du CRIR et des autres instituts universitaires et centres de recherche du CCSMTL !<\/em><\/p>\n<p>________________________<\/p>\n<p>CRIR <strong>| <\/strong>27 janvier 2026<\/p>\n","protected":false},"excerpt":{"rendered":"<p>D\u00e9couvrez des\u00a0activit\u00e9s, des\u00a0\u00e9v\u00e9nements\u00a0et des\u00a0outils pratiques d\u00e9velopp\u00e9s par les \u00e9quipes de la Direction de l\u2019enseignement universitaire et de la recherche du CIUSSS du Centre-Sud-de-l\u2019\u00cele-de-Montr\u00e9al (CCSMTL). &nbsp; Ces ressources, issues de la recherche, sont con\u00e7ues pour appuyer les \u00e9quipes cliniques et favoriser&#8230;<br \/><a href=\"https:\/\/crir.ca\/en\/lancement-au-ccsmtl-calendrier-activites-et-ressources-pratiques-pour-les-milieux-cliniques\/\" class=\"read-more btn\">Read more <span class=\"sr-only\">about Lancement au CCSMTL : Calendrier &#8211; Activit\u00e9s et ressources pratiques pour les milieux cliniques<\/span><\/a><\/p>\n","protected":false},"author":23,"featured_media":1155,"comment_status":"closed","ping_status":"open","sticky":false,"template":"","format":"standard","meta":{"_acf_changed":false,"footnotes":""},"categories":[4],"tags":[],"class_list":["post-29029","post","type-post","status-publish","format-standard","has-post-thumbnail","hentry","category-uncategorized"],"acf":[],"_links":{"self":[{"href":"https:\/\/crir.ca\/en\/wp-json\/wp\/v2\/posts\/29029","targetHints":{"allow":["GET"]}}],"collection":[{"href":"https:\/\/crir.ca\/en\/wp-json\/wp\/v2\/posts"}],"about":[{"href":"https:\/\/crir.ca\/en\/wp-json\/wp\/v2\/types\/post"}],"author":[{"embeddable":true,"href":"https:\/\/crir.ca\/en\/wp-json\/wp\/v2\/users\/23"}],"replies":[{"embeddable":true,"href":"https:\/\/crir.ca\/en\/wp-json\/wp\/v2\/comments?post=29029"}],"version-history":[{"count":4,"href":"https:\/\/crir.ca\/en\/wp-json\/wp\/v2\/posts\/29029\/revisions"}],"predecessor-version":[{"id":29041,"href":"https:\/\/crir.ca\/en\/wp-json\/wp\/v2\/posts\/29029\/revisions\/29041"}],"wp:featuredmedia":[{"embeddable":true,"href":"https:\/\/crir.ca\/en\/wp-json\/wp\/v2\/media\/1155"}],"wp:attachment":[{"href":"https:\/\/crir.ca\/en\/wp-json\/wp\/v2\/media?parent=29029"}],"wp:term":[{"taxonomy":"category","embeddable":true,"href":"https:\/\/crir.ca\/en\/wp-json\/wp\/v2\/categories?post=29029"},{"taxonomy":"post_tag","embeddable":true,"href":"https:\/\/crir.ca\/en\/wp-json\/wp\/v2\/tags?post=29029"}],"curies":[{"name":"wp","href":"https:\/\/api.w.org\/{rel}","templated":true}]}}