{"id":29212,"date":"2026-02-06T12:53:32","date_gmt":"2026-02-06T17:53:32","guid":{"rendered":"https:\/\/crir.ca\/offre-demploi-universite-de-montreal-professeure-ou-professeur-au-rang-dagrege-ou-titulaire-en-ergotherapie-dans-le-domaine-des-technologies-de-la-readaptation\/"},"modified":"2026-02-06T12:57:05","modified_gmt":"2026-02-06T17:57:05","slug":"offre-demploi-universite-de-montreal-professeure-ou-professeur-au-rang-dagrege-ou-titulaire-en-ergotherapie-dans-le-domaine-des-technologies-de-la-readaptation","status":"publish","type":"post","link":"https:\/\/crir.ca\/en\/offre-demploi-universite-de-montreal-professeure-ou-professeur-au-rang-dagrege-ou-titulaire-en-ergotherapie-dans-le-domaine-des-technologies-de-la-readaptation\/","title":{"rendered":"Job Opportunity &#8211; Universit\u00e9 de Montr\u00e9al : Associate or Full Professor in occupational therapy in the field of rehabilitation technologies"},"content":{"rendered":"<p><img loading=\"lazy\" decoding=\"async\" class=\"alignnone size-medium wp-image-173\" src=\"https:\/\/crir.ca\/wp-content\/uploads\/2017\/05\/logo_udem-300x122.png\" alt=\"\" width=\"300\" height=\"122\" srcset=\"https:\/\/crir.ca\/wp-content\/uploads\/2017\/05\/logo_udem-300x122.png 300w, https:\/\/crir.ca\/wp-content\/uploads\/2017\/05\/logo_udem-24x10.png 24w, https:\/\/crir.ca\/wp-content\/uploads\/2017\/05\/logo_udem-36x15.png 36w, https:\/\/crir.ca\/wp-content\/uploads\/2017\/05\/logo_udem-48x20.png 48w, https:\/\/crir.ca\/wp-content\/uploads\/2017\/05\/logo_udem.png 640w\" sizes=\"auto, (max-width: 300px) 100vw, 300px\" \/><\/p>\n<h1>Associate or Full Professor in occupational therapy in the field of<br \/>\nrehabilitation technologies<\/h1>\n<p><a class=\"btn\" href=\"https:\/\/www.umontreal.ca\/public\/www\/documents\/offres_emploi_profs\/FMED_Impact__02-26_14_readapt_ENG_2026-02-05.pdf\" target=\"_blank\" rel=\"noopener\">View the job posting in English here<\/a><\/p>\n<p>&nbsp;<\/p>\n<p>La <strong>Facult\u00e9 de m\u00e9decine de l\u2019Universit\u00e9 de Montr\u00e9al<\/strong> est l\u2019une des premi\u00e8res facult\u00e9s de m\u00e9decine francophone au monde. En enseignement comme en recherche, sa vocation s\u2019incarne en une participation active \u00e0 l\u2019avancement du savoir et \u00e0 la ma\u00eetrise des comp\u00e9tences pour l\u2019am\u00e9lioration des soins de sant\u00e9.<\/p>\n<p>L\u2019<strong>\u00c9cole de r\u00e9adaptation<\/strong> qui occupe une place de premier plan au Canada, est reconnue pour son excellence en formation, en recherche et en innovation dans les domaines de l\u2019ergoth\u00e9rapie, de la physioth\u00e9rapie et des sciences de la r\u00e9adaptation. Elle se distingue par une approche profond\u00e9ment interdisciplinaire, un engagement soutenu envers l\u2019am\u00e9lioration de la participation sociale et de la qualit\u00e9 de vie des populations, ainsi que par l\u2019int\u00e9gration croissante des technologies de pointe dans les pratiques d\u2019intervention et de recherche.<\/p>\n<p>Les professeures et professeurs de l\u2019\u00c9cole de r\u00e9adaptation sont affili\u00e9s \u00e0 plusieurs <strong>centres et instituts de recherche<\/strong> de grande renomm\u00e9e dans des domaines vari\u00e9s afin d\u2019y r\u00e9aliser leurs travaux, de b\u00e9n\u00e9ficier d\u2019infrastructures et d\u2019\u00e9quipements de pointe, et d\u2019y int\u00e9grer pleinement leurs \u00e9tudiantes et \u00e9tudiants des cycles sup\u00e9rieurs, leurs stagiaires de recherche ainsi que leurs chercheuses et chercheurs postdoctoraux. Cette articulation entre l\u2019\u00c9cole et les centres de recherche renforce la capacit\u00e9 d\u2019innovation, favorise la formation d\u2019une rel\u00e8ve hautement qualifi\u00e9e et soutient la production de connaissances ayant un impact majeur sur les pratiques cliniques, les services de r\u00e9adaptation et les politiques publiques.<\/p>\n<p>Dans le cadre du concours de 2026 du <strong>Programme des chaires de recherche Impact+ Canada<\/strong>, l\u2019\u00c9cole de r\u00e9adaptation recrute une professeure ou un professeur au rang d\u2019agr\u00e9g\u00e9 ou titulaire, pour assurer le d\u00e9veloppement d\u2019un champ de recherche et d\u2019enseignement en technologie de la<br \/>\nr\u00e9adaptation.<\/p>\n<p>Le programme des Chaires de recherche Impact+ Canada attribue des chaires de deux valeurs diff\u00e9rentes: 8 millions de dollars sur huit ans (1 million de dollars par an) ou 4 millions de dollars sur huit ans (500 000 dollars par an). La valeur de la chaire pour la pr\u00e9sente offre sera de 1 million $ par ann\u00e9e pour une dur\u00e9e de 8 ans. La personne retenue sera appel\u00e9e \u00e0 collaborer \u00e0 la pr\u00e9paration de la demande, jusqu\u2019\u00e0 son d\u00e9p\u00f4t en juin 2026.<\/p>\n<h4>Vos d\u00e9fis au quotidien<\/h4>\n<p>Par votre enseignement au premier cycle et aux cycles sup\u00e9rieurs aupr\u00e8s des \u00e9tudiantes et \u00e9tudiants et par vos activit\u00e9s de recherche, vous contribuerez \u00e0 la promotion de l\u2019excellence de la facult\u00e9. Vous assurerez \u00e9galement le rayonnement de votre discipline en plus de participer activement au fonctionnement d\u2019une institution de renom. \u00c0 titre de professeure ou professeur et titulaire d\u2019une chaire de recherche Impact+ Canada, vous :<\/p>\n<ul>\n<li>Mettrez \u00e0 profit votre leadership de classe mondiale dans le champ prioritaire de la sant\u00e9 ou des technologies num\u00e9riques appliqu\u00e9es \u00e0 la r\u00e9adaptation en coh\u00e9rence avec les priorit\u00e9s du gouvernement du Canada en mati\u00e8re de science, technologie et d\u2019innovation susceptibles de g\u00e9n\u00e9rer des retomb\u00e9es des retomb\u00e9es positives et significatives sur les plans social, \u00e9conomique ainsi que sur la sant\u00e9 et le bien- \u00eatre de la population canadienne ;<\/li>\n<li>Vous engagerez \u00e0 promouvoir activement la cocr\u00e9ation de projets de recherche et d\u2019interventions avec des partenaires de tous les secteurs (universitaire, public, priv\u00e9, sans but lucratif) pour augmenter l\u2019application des r\u00e9sultats de recherche en technologie de la r\u00e9adaptation au profit de la population canadienne. Vous f aciliterez la mobilisation et l\u2019application des r\u00e9sultats de recherche de la chaire sous diff\u00e9rentes formes, pour favoriser l\u2019essor \u00e9conomique et l\u2019innovation sociale;<\/li>\n<li>Aurez la possibilit\u00e9 de postuler pour des infrastructures de recherche aupr\u00e8s de la Fondation canadienne pour l&#8217;innovation (FCI);<\/li>\n<li>Encadrerez des \u00e9tudiant es et \u00e9tudiants \u00e0 la ma\u00eetrise et au doctorat aux programmes des sciences de la r\u00e9adaptation ou dans d\u2019autres programmes dans le contexte de collaborations interdisciplinaires ou intersectorielles dans la r\u00e9alisation de m\u00e9moires et de th\u00e8ses ainsi que des stagiaires postdoctoraux;<\/li>\n<li>Piloterez de grands projets interfacultaires de recherche , de mobilisation et d\u2019application de connaissances \u00e0 port\u00e9e nationale et internationale;<\/li>\n<li>Dispenserez des enseignements \u00e0 tous les cycles dans les programmes en ergoth\u00e9rapie et en sciences de la r\u00e9adaptation selon diverses m\u00e9thodes et formules p\u00e9dagogiques ;<\/li>\n<li>Contribuerez activement au fonctionnement et au d\u00e9veloppement strat\u00e9gique dans les activit\u00e9s p\u00e9dagogiques et scientifiques au sein de l\u2019\u00c9cole de r\u00e9adaptation et de la Facult\u00e9;<\/li>\n<li>Ferez rayonner l\u2019ergoth\u00e9rapie et, plus largement, la r\u00e9adaptation dans les communaut\u00e9s scientifiques et professionnelles ainsi que dans la collectivit\u00e9 par des partenariats communautaires.<\/li>\n<\/ul>\n<h5>Vos qualifications<\/h5>\n<ul>\n<li>\u00catre \u00e9ligible au Programme des Chaires de recherche Impact+ Canada et pr\u00e9senter votre candidature au concours 2026 de ce programme;<\/li>\n<\/ul>\n<ul>\n<li>D\u00e9tenir un doctorat (Ph.\u202fD.) en sciences de la r\u00e9adaptation, en technologies de la r\u00e9adaptation, en g\u00e9nie biom\u00e9dical, ou dans un domaine connexe int\u00e9grant les technologies appliqu\u00e9es \u00e0 la r\u00e9adaptation, incluant notamment l\u2019ergoth\u00e9rapie . Cette exigence en est une de l\u2019Universit\u00e9 de Montr\u00e9al, et non du programme des Chaires de recherche Impact+ Canada;<\/li>\n<li>Poss\u00e9der une formation en ergoth\u00e9rapie et un permis de pratique reconnu \u00e0 titre d\u2019ergoth\u00e9rapeute , au Canada ou ailleurs , peut constituer un atout et permettre, le cas \u00e9ch\u00e9ant, de progresser vers un permis de pratique \u00e9mis par l\u2019Ordre des ergoth\u00e9rapeutes du Qu\u00e9bec (OEQ) ;<\/li>\n<li>D\u00e9tenir une expertise de pointe et une reconnaissance internationale en tant qu\u2019experte ou expert dans les domaines de la sant\u00e9 num\u00e9rique ou des technologies d\u2019assistance en r\u00e9adaptation, notamment les technologies immersives (r\u00e9alit\u00e9 virtuelle, r\u00e9alit\u00e9 augment\u00e9e), les interfaces humain\u2011 machine avanc\u00e9es, l\u2019intelligence artificielle appliqu\u00e9e \u00e0 la r\u00e9adaptation, ainsi que les dispositifs innovants favorisant l\u2019autonomie fonctionnelle. Cette expertise peut \u00e9galement s\u2019\u00e9tendre \u00e0 d\u2019autres domaines connexes ;<\/li>\n<li>D\u00e9montrer une excellente productivit\u00e9 en recherche et un historique \u00e9toff\u00e9 de financement obtenu aupr\u00e8s d\u2019organismes reconnus, t\u00e9moignant d\u2019une capacit\u00e9 soutenue \u00e0 mener des programmes innovants et d\u2019envergure;<\/li>\n<li>Avoir un rayonnement international dans le champ des technologies de la r\u00e9adaptation et exercer un fort leadership dans de grands r\u00e9seaux internationaux;<\/li>\n<li>\u00catre apte \u00e0 diriger des \u00e9quipes de recherche ambitieuses et productives;<\/li>\n<li>Poss\u00e9der les qualit\u00e9s pour mener des recherches qui permettront de mobiliser et d\u2019appliquer des connaissances qui produisent des avantages sociaux et \u00e9conomiques pour la population canadienne et l\u2019ensemble du monde;<\/li>\n<li>D\u00e9montrer une capacit\u00e9 \u00e0 assurer un enseignement de grande qualit\u00e9 en utilisant une vari\u00e9t\u00e9 d\u2019approches p\u00e9dagogiques adapt\u00e9es \u00e0 une population \u00e9tudiante diversifi\u00e9e et provenant de diff\u00e9rents cycles (1er, 2e et 3e cycles) ;<\/li>\n<li>Avoir la capacit\u00e9 de travailler en \u00e9quipe dans un contexte interdisciplinaire et en compl\u00e9mentarit\u00e9 avec le corps professoral ;<\/li>\n<li>Avoir une connaissance suffisante de la langue fran\u00e7aise ou \u00eatre d\u00e9termin\u00e9 \u00e0 l\u2019apprendre une fois en poste par l\u2019entremise du programme de soutien \u00e0 l\u2019apprentissage de la langue fran\u00e7aise offert par l\u2019UdeM, en vertu de la Politique linguistique de l\u2019Universit\u00e9 de Montr\u00e9al .<\/li>\n<\/ul>\n<h5>Davantage d\u2019information sur le poste<\/h5>\n<ul>\n<li>Un salaire concurrentiel jumel\u00e9 \u00e0 une gamme compl\u00e8te d\u2019avantages sociaux;<\/li>\n<li>Entr\u00e9e en fonction pr\u00e9vue le 1er novembre 2026;<\/li>\n<li>Situ\u00e9 au campus de Montr\u00e9al .<\/li>\n<\/ul>\n<h5>Comment postuler<\/h5>\n<p>Votre dossier de candidature doit \u00eatre soumis, pendant la p\u00e9riode d\u2019affichage du 6 f\u00e9vrier 2026\u00a0 au 8\u00a0mars 2026 inclusivement, \u00e0 la direction et doit \u00eatre constitu\u00e9 des documents suivants:<\/p>\n<ul>\n<li>Une lettre de motivation;<\/li>\n<li>Un curriculum vit\u00e6 ;<\/li>\n<li>Un exemplaire ou les hyperliens de trois publications ou des travaux de recherche r\u00e9cents;<\/li>\n<li>Un expos\u00e9 sur l \u2019exp\u00e9rience et l\u2019approche en enseignement et encadrement ;<\/li>\n<li>Un expos\u00e9 sur la programmation de recherche;<\/li>\n<li>Les coordonn\u00e9es de trois personnes de r\u00e9f\u00e9rence qui seront sollicit\u00e9es pour une lettre de recommandation;<\/li>\n<li>Important : l\u2019expos\u00e9 de recherche doit \u00eatre sur 8 ans (4 pages sugg\u00e9r\u00e9es).<\/li>\n<\/ul>\n<h5>Personne \u00e0 contacter<\/h5>\n<p>Dany Gagnon<br \/>\nFacult\u00e9 de m\u00e9decine \/ \u00c9cole\u00a0 de r\u00e9adaptation<br \/>\n<a href=\"dany.gagnon.2@umontreal.ca\">dany.gagnon.2@umontreal.ca\u00a0<\/a><\/p>\n<p>&nbsp;<\/p>\n<hr \/>\n<p>&nbsp;<\/p>\n<p>Nous vous encourageons \u00e0 r\u00e9pondre au questionnaire d\u2019auto- identification . Vous trouverez plus d\u2019information \u00e0 ce sujet dans l\u2019encadr\u00e9 \u00c9quit\u00e9, diversit\u00e9 et inclusion qui se trouve \u00e0 la fin de ce document.<\/p>\n<p>Les personnes qui ont d\u00e9j\u00e0 postul\u00e9 \u00e0 un poste de Chaire d&#8217;excellence en recherche du Canada (CERC) 2026 \u00e0 l&#8217;Universit\u00e9 de Montr\u00e9al pourraient \u00eatre prises en consid\u00e9ration pour ce poste de Chaire de recherche Impact+ Canada.<\/p>\n<p>Selon les proc\u00e9dures de nomination en vigueur \u00e0 l\u2019UdeM, les membres de l\u2019Assembl\u00e9e des professeures et professeurs peuvent consulter tous les dossiers de candidature. Si vous souhaitez que votre candidature demeure confidentielle jusqu\u2019\u00e0 l\u2019\u00e9tablissement de la liste restreinte de recrutement, veuillez le mentionner.<\/p>\n<p><a class=\"btn\" href=\"https:\/\/www.umontreal.ca\/public\/www\/documents\/offres_emploi_profs\/FMED_Impact__02-26_14_readapt_ENG_2026-02-05.pdf\" target=\"_blank\" rel=\"noopener\">View the job posting in English here<\/a><\/p>\n<p>_______________<\/p>\n<p>February 6, 2026<\/p>\n","protected":false},"excerpt":{"rendered":"<p>Associate or Full Professor in occupational therapy in the field of rehabilitation technologies View the job posting in English here &nbsp; La Facult\u00e9 de m\u00e9decine de l\u2019Universit\u00e9 de Montr\u00e9al est l\u2019une des premi\u00e8res facult\u00e9s de m\u00e9decine francophone au monde. En&#8230;<br \/><a href=\"https:\/\/crir.ca\/en\/offre-demploi-universite-de-montreal-professeure-ou-professeur-au-rang-dagrege-ou-titulaire-en-ergotherapie-dans-le-domaine-des-technologies-de-la-readaptation\/\" class=\"read-more btn\">Read more <span class=\"sr-only\">about Job Opportunity &#8211; Universit\u00e9 de Montr\u00e9al : Associate or Full Professor in occupational therapy in the field of rehabilitation technologies<\/span><\/a><\/p>\n","protected":false},"author":23,"featured_media":466,"comment_status":"closed","ping_status":"open","sticky":false,"template":"","format":"standard","meta":{"_acf_changed":false,"footnotes":""},"categories":[184],"tags":[],"class_list":["post-29212","post","type-post","status-publish","format-standard","has-post-thumbnail","hentry","category-jobs-and-internships"],"acf":[],"_links":{"self":[{"href":"https:\/\/crir.ca\/en\/wp-json\/wp\/v2\/posts\/29212","targetHints":{"allow":["GET"]}}],"collection":[{"href":"https:\/\/crir.ca\/en\/wp-json\/wp\/v2\/posts"}],"about":[{"href":"https:\/\/crir.ca\/en\/wp-json\/wp\/v2\/types\/post"}],"author":[{"embeddable":true,"href":"https:\/\/crir.ca\/en\/wp-json\/wp\/v2\/users\/23"}],"replies":[{"embeddable":true,"href":"https:\/\/crir.ca\/en\/wp-json\/wp\/v2\/comments?post=29212"}],"version-history":[{"count":2,"href":"https:\/\/crir.ca\/en\/wp-json\/wp\/v2\/posts\/29212\/revisions"}],"predecessor-version":[{"id":29214,"href":"https:\/\/crir.ca\/en\/wp-json\/wp\/v2\/posts\/29212\/revisions\/29214"}],"wp:featuredmedia":[{"embeddable":true,"href":"https:\/\/crir.ca\/en\/wp-json\/wp\/v2\/media\/466"}],"wp:attachment":[{"href":"https:\/\/crir.ca\/en\/wp-json\/wp\/v2\/media?parent=29212"}],"wp:term":[{"taxonomy":"category","embeddable":true,"href":"https:\/\/crir.ca\/en\/wp-json\/wp\/v2\/categories?post=29212"},{"taxonomy":"post_tag","embeddable":true,"href":"https:\/\/crir.ca\/en\/wp-json\/wp\/v2\/tags?post=29212"}],"curies":[{"name":"wp","href":"https:\/\/api.w.org\/{rel}","templated":true}]}}