{"id":30017,"date":"2026-04-29T17:14:30","date_gmt":"2026-04-29T21:14:30","guid":{"rendered":"https:\/\/crir.ca\/lancement-du-programme-dinnovation-en-accessibilite-universelle-le-12-mai-2026\/"},"modified":"2026-04-29T17:40:01","modified_gmt":"2026-04-29T21:40:01","slug":"lancement-du-programme-dinnovation-en-accessibilite-universelle-le-12-mai-2026","status":"publish","type":"post","link":"https:\/\/crir.ca\/en\/lancement-du-programme-dinnovation-en-accessibilite-universelle-le-12-mai-2026\/","title":{"rendered":"Lancement du Programme d&#8217;innovation en accessibilit\u00e9 universelle (AU) le 12 mai 2026"},"content":{"rendered":"<p><img loading=\"lazy\" decoding=\"async\" class=\"alignnone wp-image-29991\" src=\"https:\/\/crir.ca\/wp-content\/uploads\/2026\/04\/Banniere-longue-rosace-300x51.png\" alt=\"\" width=\"645\" height=\"110\" srcset=\"https:\/\/crir.ca\/wp-content\/uploads\/2026\/04\/Banniere-longue-rosace-300x51.png 300w, https:\/\/crir.ca\/wp-content\/uploads\/2026\/04\/Banniere-longue-rosace-1024x175.png 1024w, https:\/\/crir.ca\/wp-content\/uploads\/2026\/04\/Banniere-longue-rosace-768x131.png 768w, https:\/\/crir.ca\/wp-content\/uploads\/2026\/04\/Banniere-longue-rosace-24x4.png 24w, https:\/\/crir.ca\/wp-content\/uploads\/2026\/04\/Banniere-longue-rosace-36x6.png 36w, https:\/\/crir.ca\/wp-content\/uploads\/2026\/04\/Banniere-longue-rosace-48x8.png 48w, https:\/\/crir.ca\/wp-content\/uploads\/2026\/04\/Banniere-longue-rosace.png 1490w\" sizes=\"auto, (max-width: 645px) 100vw, 645px\" \/><\/p>\n<div><\/div>\n<h1><b>PROGRAMME D&#8217;INNOVATION<br \/>\nEN ACCESSIBILIT\u00c9 UNIVERSELLE (AU)<\/b><\/h1>\n<div><\/div>\n<div><span style=\"color: #000000;\"><strong>Nous avons le grand plaisir de vous annoncer le lancement prochain du\u00a0<span style=\"color: #0000ff;\">Programme\u00a0d&#8217;innovation en accessibilit\u00e9 universelle (AU)<\/span> de la Ville de Montr\u00e9al et de vous inviter \u00e0 vous inscrire aux trois activit\u00e9s d&#8217;information et de maillage offertes dans le cadre de son premier appel \u00e0 projets.\u00a0<\/strong><\/span><span style=\"color: #000000;\">Ce nouveau programme, d\u00e9velopp\u00e9 en collaboration avec le CRIR (incluant l&#8217;initiative <a id=\"OWA5a15695d-96af-fdfa-b0d0-501fdd3311f8\" class=\"x_OWAAutoLink\" title=\"https:\/\/societeinclusive.ca\/socinc\/vers-une-societe-quebecoise-plus-inclusive\/\" href=\"https:\/\/can01.safelinks.protection.outlook.com\/?url=https%3A%2F%2Fsocieteinclusive.ca%2Fsocinc%2Fvers-une-societe-quebecoise-plus-inclusive%2F&amp;data=05%7C02%7CAdministration.crir%40ssss.gouv.qc.ca%7C39d3a70bb9cb4379334b08dea17729c5%7C06e1fe285f8b4075bf6cae24be1a7992%7C0%7C0%7C639125730365781627%7CUnknown%7CTWFpbGZsb3d8eyJFbXB0eU1hcGkiOnRydWUsIlYiOiIwLjAuMDAwMCIsIlAiOiJXaW4zMiIsIkFOIjoiTWFpbCIsIldUIjoyfQ%3D%3D%7C0%7C%7C%7C&amp;sdata=IDXI36aEtW1sjwebu5Yw5pJ7S1klwvZALY%2Bf%2F8jX%2FS0%3D&amp;reserved=0\" data-auth=\"NotApplicable\">Soci\u00e9t\u00e9 inclusive<\/a>), soutient des projets de recherche innovants visant \u00e0 int\u00e9grer l&#8217;accessibilit\u00e9 universelle au sein des pratiques municipales.\u00a0<\/span><\/div>\n<div>\n<div class=\"highlight-box\"><strong><span style=\"color: #000000;\">Ce programme est ouvert \u00e0 toute la communaut\u00e9 de recherche au Qu\u00e9bec et mise sur le partenariat entre les milieux municipal, communautaire et de la recherche.<\/span><\/strong><\/div>\n<\/div>\n<div>\n<h3>objectifs :<\/h3>\n<ul>\n<li>Am\u00e9liorer l\u2019acc\u00e8s aux services et aux espaces municipaux pour les Montr\u00e9alaises et les Montr\u00e9alais ;<\/li>\n<li>Aider la Ville \u00e0 am\u00e9liorer ses pratiques en lien avec son Plan municipal en AU 2024-2030 ;<\/li>\n<li>Soutenir les services, les arrondissements et leurs partenaires qui rencontrent des d\u00e9fis importants en mati\u00e8re d\u2019accessibilit\u00e9 ;<\/li>\n<li>Favoriser le partage des apprentissages et des solutions partout sur le territoire montr\u00e9alais.<\/li>\n<\/ul>\n<\/div>\n<div class=\"highlight-box\">\n<h3>Le programme <b>en bref :<br \/>\n<\/b><\/h3>\n<ul>\n<li>Montant maximal du financement : <b>35 000$<\/b><\/li>\n<li>Possibilit\u00e9 de bonification du montant via Mitacs (entre 7 500$ et 22 500$)<\/li>\n<li>Dur\u00e9e du financement : <b>24 mois<\/b> (d\u00e9cembre 2026 \u00e0 d\u00e9cembre 2028)<\/li>\n<\/ul>\n<\/div>\n<h3>Dates importantes :<\/h3>\n<ul>\n<li>\n<div role=\"presentation\">Lancement\u00a0: <b>12 mai 2026, 11 h<\/b><\/div>\n<\/li>\n<li>\n<div role=\"presentation\">Date limite de d\u00e9p\u00f4t : <b>18 septembre 2026, 17 h<\/b><\/div>\n<\/li>\n<\/ul>\n<hr \/>\n<h3>Activit\u00e9s d\u2019information et de maillage<br \/>\n(en ligne \u2013 Zoom)<\/h3>\n<p class=\"submit-button-event\"><a class=\"btn\" href=\"https:\/\/forms.cloud.microsoft\/r\/K4Q1p44Pf7\" target=\"_blank\" rel=\"noopener\">Formulaire d\u2019inscription<\/a><\/p>\n<p><span class=\"numero\">1.\u00a0<\/span><strong>Webinaire de lancement : <\/strong><strong>12 mai 2026 \u2013 11 h \u00e0 12 h<\/strong><\/p>\n<p><span data-olk-copy-source=\"MessageBody\">Ce webinaire sera\u202fune occasion d\u2019en\u202fapprendre davantage sur le programme, ses objectifs, les crit\u00e8res d\u2019admissibilit\u00e9 et les ressources disponibles pour concevoir et d\u00e9poser une demande.<\/span><\/p>\n<p><span class=\"numero\">2.\u00a0<\/span><strong>Activit\u00e9 de maillage : <\/strong><strong>26 mai 2026 \u2013 10 h 30 \u00e0 12 h<\/strong><\/p>\n<p><span data-olk-copy-source=\"MessageBody\">Cette activit\u00e9 vise \u00e0 favoriser la mise en contact et les \u00e9changes entre les personnes du milieu municipal, du milieu associatif et du milieu de la recherche, en vue du d\u00e9veloppement de projets.<\/span><\/p>\n<p><span class=\"numero\">3.\u00a0<\/span><strong>Webinaire \u00ab\u202fComment remplir une demande\u202f?\u202f\u00bb : <\/strong><strong>10 juin 2026 \u2013 13 h \u00e0 14 h 30<\/strong><\/p>\n<p><span data-olk-copy-source=\"MessageBody\">Ce webinaire permettra de s\u2019informer sur les \u00e9tapes et documents n\u00e9cessaires pour d\u00e9poser une demande. Une portion sera aussi consacr\u00e9e \u00e0 l\u2019ADS+.<\/span><\/p>\n<p>&nbsp;<\/p>\n<hr \/>\n<h3><strong><br \/>\nService d&#8217;accompagnement :<\/strong><\/h3>\n<p><strong>Un service d\u2019accompagnement est offert aux \u00e9quipes int\u00e9ress\u00e9es \u00e0 soumettre un projet. Il comprend\u00a0:<\/strong><\/p>\n<ul>\n<li>De l\u2019aide pour former des \u00e9quipes entre les diff\u00e9rents milieux<\/li>\n<li>Du soutien pour pr\u00e9parer la demande<\/li>\n<li>Une r\u00e9troaction apr\u00e8s l\u2019\u00e9valuation<\/li>\n<\/ul>\n<div class=\"highlight-box\">\n<p>Tous les <strong>documents pr\u00e9sentant le programme<\/strong> ainsi que <strong>la trousse de d\u00e9p\u00f4t seront mis en ligne le <span style=\"color: #0000ff;\">12 mai<\/span> sur la page web officielle de la Ville de Montr\u00e9al<\/strong>, qui sera partag\u00e9e sous peu.<\/p>\n<ul>\n<li>Pour toute question ou besoin d&#8217;accompagnement, nous vous invitons \u00e0 \u00e9crire \u00e0 l&#8217;adresse courriel : <a href=\"mailto:InnovationAU@montreal.ca\">InnovationAU@montreal.ca<\/a><\/li>\n<\/ul>\n<\/div>\n<p>&nbsp;<\/p>\n<h5>Remerciements<\/h5>\n<p>Le\u00a0<strong>Programme d\u2019innovation en accessibilit\u00e9 universelle<\/strong> <strong>(AU)<\/strong> est rendu possible gr\u00e2ce \u00e0 une entente entre la <strong>Ville de Montr\u00e9al<\/strong>\u00a0et le\u00a0<strong>CIUSSS du Centre-Sud-de-l\u2019\u00cele-de-Montr\u00e9al.<\/strong><\/p>\n<p><img loading=\"lazy\" decoding=\"async\" class=\"alignnone size-medium wp-image-29995\" src=\"https:\/\/crir.ca\/wp-content\/uploads\/2026\/04\/Logo-VilleMTL-300x81.png\" alt=\"\" width=\"300\" height=\"81\" srcset=\"https:\/\/crir.ca\/wp-content\/uploads\/2026\/04\/Logo-VilleMTL-300x81.png 300w, https:\/\/crir.ca\/wp-content\/uploads\/2026\/04\/Logo-VilleMTL-24x7.png 24w, https:\/\/crir.ca\/wp-content\/uploads\/2026\/04\/Logo-VilleMTL-36x10.png 36w, https:\/\/crir.ca\/wp-content\/uploads\/2026\/04\/Logo-VilleMTL-48x13.png 48w, https:\/\/crir.ca\/wp-content\/uploads\/2026\/04\/Logo-VilleMTL.png 431w\" sizes=\"auto, (max-width: 300px) 100vw, 300px\" \/> \u00a0\u00a0<img loading=\"lazy\" decoding=\"async\" class=\"alignnone wp-image-28977\" style=\"font-size: 0.9em;\" src=\"https:\/\/crir.ca\/wp-content\/uploads\/2026\/01\/Logo-CRIR_Fond-transparent-300x264.png\" alt=\"\" width=\"101\" height=\"89\" srcset=\"https:\/\/crir.ca\/wp-content\/uploads\/2026\/01\/Logo-CRIR_Fond-transparent-300x264.png 300w, https:\/\/crir.ca\/wp-content\/uploads\/2026\/01\/Logo-CRIR_Fond-transparent-24x21.png 24w, https:\/\/crir.ca\/wp-content\/uploads\/2026\/01\/Logo-CRIR_Fond-transparent-36x32.png 36w, https:\/\/crir.ca\/wp-content\/uploads\/2026\/01\/Logo-CRIR_Fond-transparent-48x42.png 48w, https:\/\/crir.ca\/wp-content\/uploads\/2026\/01\/Logo-CRIR_Fond-transparent.png 311w\" sizes=\"auto, (max-width: 101px) 100vw, 101px\" \/><span style=\"font-size: 0.9em;\">\u00a0 \u00a0 \u00a0<\/span><span style=\"font-size: 0.9em;\">\u00a0 <img loading=\"lazy\" decoding=\"async\" class=\"alignnone wp-image-29997\" src=\"https:\/\/crir.ca\/wp-content\/uploads\/2026\/04\/logo-societe-inclusive-300x145.png\" alt=\"\" width=\"166\" height=\"80\" srcset=\"https:\/\/crir.ca\/wp-content\/uploads\/2026\/04\/logo-societe-inclusive-300x145.png 300w, https:\/\/crir.ca\/wp-content\/uploads\/2026\/04\/logo-societe-inclusive-1024x497.png 1024w, https:\/\/crir.ca\/wp-content\/uploads\/2026\/04\/logo-societe-inclusive-768x372.png 768w, https:\/\/crir.ca\/wp-content\/uploads\/2026\/04\/logo-societe-inclusive-24x12.png 24w, https:\/\/crir.ca\/wp-content\/uploads\/2026\/04\/logo-societe-inclusive-36x17.png 36w, https:\/\/crir.ca\/wp-content\/uploads\/2026\/04\/logo-societe-inclusive-48x23.png 48w, https:\/\/crir.ca\/wp-content\/uploads\/2026\/04\/logo-societe-inclusive.png 1066w\" sizes=\"auto, (max-width: 166px) 100vw, 166px\" \/><\/span><\/p>\n","protected":false},"excerpt":{"rendered":"<p>PROGRAMME D&#8217;INNOVATION EN ACCESSIBILIT\u00c9 UNIVERSELLE (AU) Nous avons le grand plaisir de vous annoncer le lancement prochain du\u00a0Programme\u00a0d&#8217;innovation en accessibilit\u00e9 universelle (AU) de la Ville de Montr\u00e9al et de vous inviter \u00e0 vous inscrire aux trois activit\u00e9s d&#8217;information et de&#8230;<br \/><a href=\"https:\/\/crir.ca\/en\/lancement-du-programme-dinnovation-en-accessibilite-universelle-le-12-mai-2026\/\" class=\"read-more btn\">Read more <span class=\"sr-only\">about Lancement du Programme d&#8217;innovation en accessibilit\u00e9 universelle (AU) le 12 mai 2026<\/span><\/a><\/p>\n","protected":false},"author":23,"featured_media":29994,"comment_status":"closed","ping_status":"open","sticky":false,"template":"","format":"standard","meta":{"_acf_changed":false,"footnotes":""},"categories":[144],"tags":[],"class_list":["post-30017","post","type-post","status-publish","format-standard","has-post-thumbnail","hentry","category-medias-en"],"acf":[],"_links":{"self":[{"href":"https:\/\/crir.ca\/en\/wp-json\/wp\/v2\/posts\/30017","targetHints":{"allow":["GET"]}}],"collection":[{"href":"https:\/\/crir.ca\/en\/wp-json\/wp\/v2\/posts"}],"about":[{"href":"https:\/\/crir.ca\/en\/wp-json\/wp\/v2\/types\/post"}],"author":[{"embeddable":true,"href":"https:\/\/crir.ca\/en\/wp-json\/wp\/v2\/users\/23"}],"replies":[{"embeddable":true,"href":"https:\/\/crir.ca\/en\/wp-json\/wp\/v2\/comments?post=30017"}],"version-history":[{"count":2,"href":"https:\/\/crir.ca\/en\/wp-json\/wp\/v2\/posts\/30017\/revisions"}],"predecessor-version":[{"id":30019,"href":"https:\/\/crir.ca\/en\/wp-json\/wp\/v2\/posts\/30017\/revisions\/30019"}],"wp:featuredmedia":[{"embeddable":true,"href":"https:\/\/crir.ca\/en\/wp-json\/wp\/v2\/media\/29994"}],"wp:attachment":[{"href":"https:\/\/crir.ca\/en\/wp-json\/wp\/v2\/media?parent=30017"}],"wp:term":[{"taxonomy":"category","embeddable":true,"href":"https:\/\/crir.ca\/en\/wp-json\/wp\/v2\/categories?post=30017"},{"taxonomy":"post_tag","embeddable":true,"href":"https:\/\/crir.ca\/en\/wp-json\/wp\/v2\/tags?post=30017"}],"curies":[{"name":"wp","href":"https:\/\/api.w.org\/{rel}","templated":true}]}}