{"id":31826,"date":"2026-09-03T08:00:38","date_gmt":"2026-09-03T12:00:38","guid":{"rendered":"https:\/\/crir.ca\/?p=31826"},"modified":"2026-09-01T09:23:22","modified_gmt":"2026-09-01T13:23:22","slug":"ingrid-verduyckt-recipiendaire-du-prix-dexcellence-des-esp-decerne-par-luniversite-de-montreal","status":"publish","type":"post","link":"https:\/\/crir.ca\/en\/ingrid-verduyckt-recipiendaire-du-prix-dexcellence-des-esp-decerne-par-luniversite-de-montreal\/","title":{"rendered":"Ingrid Verduyckt, recipient of the ESP Award for Excellence presented by the University of Montreal"},"content":{"rendered":"<p>The CRIR\u2019s Scientific Directorate would like to congratulate <a href=\"https:\/\/crir.ca\/en\/members-and-health-care-professional\/regular-researchers\/ingrid-verduyckt-ph-d\/\">Ingrid Verduyckt, Ph.D.<\/a>, associate professor at the School of Speech and Language Therapy and Audiology and a researcher at CRIR-IURDPM, who has been awarded the <strong>ESP Award for Excellence \u2013 Recognition of External Partnerships for Research Training<\/strong>, as part of the University of Montreal\u2019s most recent Teaching Excellence Awards competition.<\/p>\n<p>This award highlights the innovative and committed nature of the work carried out at the <strong>Speech and Language Therapy Innovation Laboratory<\/strong>, led by Professor Ingrid Verduyckt. Three flagship initiatives caught the jury\u2019s attention:<\/p>\n<ul>\n<li><strong>Voice Therapy Community of Practice<\/strong> \u2014 a collaborative space bringing together clinicians, researchers and students to address voice-related issues;<\/li>\n<li><strong>Vocavie<\/strong> \u2014 a project dedicated to raising awareness and promoting prevention in the field of vocal health;<\/li>\n<li><strong>Parlons Voix<\/strong> \u2014 a knowledge translation initiative aimed at the general public.<\/li>\n<\/ul>\n<p>By building strong bridges between the scientific, clinical and community sectors, these projects foster the exchange of knowledge and contribute to the training of the next generation of researchers.<\/p>\n<p>&nbsp;<\/p>\n<p><img loading=\"lazy\" decoding=\"async\" class=\"alignnone wp-image-31523\" src=\"https:\/\/crir.ca\/wp-content\/uploads\/2026\/07\/Ingrid-Verduyckt-Ph.-D-300x300.png\" alt=\"Portrait d'Ingrid Verduyckt\" width=\"164\" height=\"164\" srcset=\"https:\/\/crir.ca\/wp-content\/uploads\/2026\/07\/Ingrid-Verduyckt-Ph.-D-300x300.png 300w, https:\/\/crir.ca\/wp-content\/uploads\/2026\/07\/Ingrid-Verduyckt-Ph.-D-150x150.png 150w, https:\/\/crir.ca\/wp-content\/uploads\/2026\/07\/Ingrid-Verduyckt-Ph.-D-24x24.png 24w, https:\/\/crir.ca\/wp-content\/uploads\/2026\/07\/Ingrid-Verduyckt-Ph.-D-36x36.png 36w, https:\/\/crir.ca\/wp-content\/uploads\/2026\/07\/Ingrid-Verduyckt-Ph.-D-48x48.png 48w, https:\/\/crir.ca\/wp-content\/uploads\/2026\/07\/Ingrid-Verduyckt-Ph.-D.png 500w\" sizes=\"auto, (max-width: 164px) 100vw, 164px\" \/><br \/>\nAssociate Professor at the School of Speech and Language Therapy and Audiology, Universit\u00e9 de Montr\u00e9al<br \/>\nFull Research<br \/>\n<span class=\"research-site-list\">CRIR &#8211; Institut universitaire sur la r\u00e9adaptation en d\u00e9ficience physique de Montr\u00e9al (IURDPM)<\/span>\u00a0|\u00a0<span class=\"establishment-list\">Sant\u00e9 Qu\u00e9bec Centre-Sud-de-l&#8217;\u00cele-de-Montr\u00e9al &#8211; Universitaire<\/span><\/p>\n<p>&nbsp;<\/p>\n<div class=\"highlight-box\">\n<p>\ud83d\udc49\u00a0To find out more about the partnership ecosystem developed by Professor Verduyckt and the initiatives that led to this award, <a href=\"https:\/\/nouvelles.umontreal.ca\/article\/2026\/08\/19\/ingrid-verduyckt-forme-la-releve-au-croisement-de-la-recherche-et-du-terrain\" target=\"_blank\" rel=\"noopener\">read the article published in UdeM Nouvelles<\/a> (in French).<\/p>\n<\/div>\n<p>&nbsp;<\/p>\n<p>The CRIR\u2019s Scientific Directorate extends its warmest congratulations to Ingrid Verduyckt on this richly deserved honour.<\/p>\n<p>&nbsp;<\/p>\n<p>___________________________<\/p>\n<p>CRIR | September 3, 2026<\/p>\n","protected":false},"excerpt":{"rendered":"<p>The CRIR\u2019s Scientific Directorate would like to congratulate Ingrid Verduyckt, Ph.D., associate professor at the School of Speech and Language Therapy and Audiology and a researcher at CRIR-IURDPM, who has been awarded the ESP Award for Excellence \u2013 Recognition of&#8230;<br \/><a href=\"https:\/\/crir.ca\/en\/ingrid-verduyckt-recipiendaire-du-prix-dexcellence-des-esp-decerne-par-luniversite-de-montreal\/\" class=\"read-more btn\">Read more <span class=\"sr-only\">about Ingrid Verduyckt, recipient of the ESP Award for Excellence presented by the University of Montreal<\/span><\/a><\/p>\n","protected":false},"author":23,"featured_media":31524,"comment_status":"closed","ping_status":"open","sticky":false,"template":"","format":"standard","meta":{"_acf_changed":false,"footnotes":""},"categories":[144],"tags":[],"class_list":["post-31826","post","type-post","status-publish","format-standard","has-post-thumbnail","hentry","category-medias-en"],"acf":[],"_links":{"self":[{"href":"https:\/\/crir.ca\/en\/wp-json\/wp\/v2\/posts\/31826","targetHints":{"allow":["GET"]}}],"collection":[{"href":"https:\/\/crir.ca\/en\/wp-json\/wp\/v2\/posts"}],"about":[{"href":"https:\/\/crir.ca\/en\/wp-json\/wp\/v2\/types\/post"}],"author":[{"embeddable":true,"href":"https:\/\/crir.ca\/en\/wp-json\/wp\/v2\/users\/23"}],"replies":[{"embeddable":true,"href":"https:\/\/crir.ca\/en\/wp-json\/wp\/v2\/comments?post=31826"}],"version-history":[{"count":5,"href":"https:\/\/crir.ca\/en\/wp-json\/wp\/v2\/posts\/31826\/revisions"}],"predecessor-version":[{"id":31835,"href":"https:\/\/crir.ca\/en\/wp-json\/wp\/v2\/posts\/31826\/revisions\/31835"}],"wp:attachment":[{"href":"https:\/\/crir.ca\/en\/wp-json\/wp\/v2\/media?parent=31826"}],"wp:term":[{"taxonomy":"category","embeddable":true,"href":"https:\/\/crir.ca\/en\/wp-json\/wp\/v2\/categories?post=31826"},{"taxonomy":"post_tag","embeddable":true,"href":"https:\/\/crir.ca\/en\/wp-json\/wp\/v2\/tags?post=31826"}],"curies":[{"name":"wp","href":"https:\/\/api.w.org\/{rel}","templated":true}]}}